{"id":25712,"date":"2026-04-30T17:15:14","date_gmt":"2026-04-30T17:15:14","guid":{"rendered":"https:\/\/alertasaltillo.com\/?p=25712"},"modified":"2026-04-30T17:15:16","modified_gmt":"2026-04-30T17:15:16","slug":"feliz-dia-para-todas-las-ninas-y-ninos-de-coahuila","status":"publish","type":"post","link":"https:\/\/alertasaltillo.com\/index.php\/2026\/04\/30\/feliz-dia-para-todas-las-ninas-y-ninos-de-coahuila\/","title":{"rendered":"FELIZ D\u00cdA PARA TODAS LAS NI\u00d1AS Y NI\u00d1OS DE COAHUILA"},"content":{"rendered":"\n<p>Ciudad Frontera, Coahuila de Zaragoza; a 29 de abril de 2026.- El Gobernador Manolo Jim\u00e9nez Salinas celebr\u00f3, desde el municipio de Frontera, a las ni\u00f1as y a los ni\u00f1os de Coahuila por su d\u00eda, en evento donde reiter\u00f3 que su administraci\u00f3n seguir\u00e1 trabajando porque Coahuila siga siendo el mejor lugar para que crezcan, se desarrollen y puedan cumplir sus sue\u00f1os.&nbsp;<\/p>\n\n\n\n<p>Jim\u00e9nez Salinas record\u00f3 que durante toda la semana, por parte del DIF Coahuila, de la Oficina Inspira y de las alcaldesas y alcaldes, se llevaron a cabo diversos festejos en todas las regiones para celebrar al mayor tesoro del estado,&nbsp;&nbsp;la ni\u00f1ez coahuilense.&nbsp;<\/p>\n\n\n\n<p>El Mandatario estatal destac\u00f3 que en Coahuila tenemos instituciones fuertes que est\u00e1n muy al pendiente de las ni\u00f1as y los ni\u00f1os, porque, dijo, son el mayor tesoro que tenemos.<\/p>\n\n\n\n<p>\u201cLas ni\u00f1as y los ni\u00f1os son el mayor tesoro que tenemos. En nuestro gobierno los cuidamos como cuidamos a los nuestros\u201d, coment\u00f3.<\/p>\n\n\n\n<p>Manolo Jim\u00e9nez expres\u00f3 que desde su administraci\u00f3n se hace todo lo que est\u00e1 en sus manos, a su alcance y mucho m\u00e1s, para cuidar a las ni\u00f1as y a los ni\u00f1os de Coahuila.<\/p>\n\n\n\n<p>\u201cQuiero decirles que cuentan al cien por ciento conmigo y vamos a seguir trabajando para que Coahuila siga siendo el mejor lugar de M\u00e9xico para vivir con nuestras familias y, por ende, el mejor lugar de M\u00e9xico para que nuestras ni\u00f1as y ni\u00f1os se desarrollen, crezcan y puedan cumplir sus sue\u00f1os\u201d, puntualiz\u00f3.<\/p>\n\n\n\n<p>\u201cDesde aqu\u00ed, que pasen un feliz d\u00eda del ni\u00f1o; les mando un abrazo con mucho cari\u00f1o a las ni\u00f1as y a los ni\u00f1os de nuestro estado, a sus pap\u00e1s y a sus abuelos\u201d, mencion\u00f3 el gobernador Manolo Jim\u00e9nez.<\/p>\n\n\n\n<p>Una fiesta especial se prepar\u00f3 para celebrar el D\u00eda del Ni\u00f1o, con show infantil, pi\u00f1atas, regalos, bolos, m\u00fasica y otras muchas sorpresas.<\/p>\n\n\n\n<p>Manolo Jim\u00e9nez convivi\u00f3 con cientos de infantes y sus familias que acudieron a esta celebraci\u00f3n preparada especialmente para ellos.<\/p>\n\n\n\n<p>En esta convivencia acompa\u00f1aron al Gobernador, adem\u00e1s, Sara Irma P\u00e9rez Cant\u00fa, alcaldesa de Frontera; Sergio Sisbeles Alvarado, subsecretario de Gobierno; Karen Cadena Brice\u00f1o, directora DIF Frontera; Diego Siller Beltr\u00e1n, coordinador regional DIF Coahuila;&nbsp;&nbsp;Daniela Salazar, coordinadora DIF; Orlando Plaza, delegado municipal de Mejora.<\/p>\n\n\n\n<p><\/p>\n","protected":false},"excerpt":{"rendered":"<p>Ciudad Frontera, Coahuila de Zaragoza; a 29 de abril de 2026.- El Gobernador Manolo Jim\u00e9nez Salinas celebr\u00f3, desde el municipio de Frontera, a las ni\u00f1as y a los ni\u00f1os de Coahuila por su d\u00eda, en evento donde reiter\u00f3 que su administraci\u00f3n seguir\u00e1 trabajando porque Coahuila siga siendo el mejor lugar para que crezcan, se desarrollen [&hellip;]<\/p>\n","protected":false},"author":4,"featured_media":25713,"comment_status":"open","ping_status":"open","sticky":false,"template":"","format":"standard","meta":[],"categories":[196],"tags":[],"_links":{"self":[{"href":"https:\/\/alertasaltillo.com\/index.php\/wp-json\/wp\/v2\/posts\/25712"}],"collection":[{"href":"https:\/\/alertasaltillo.com\/index.php\/wp-json\/wp\/v2\/posts"}],"about":[{"href":"https:\/\/alertasaltillo.com\/index.php\/wp-json\/wp\/v2\/types\/post"}],"author":[{"embeddable":true,"href":"https:\/\/alertasaltillo.com\/index.php\/wp-json\/wp\/v2\/users\/4"}],"replies":[{"embeddable":true,"href":"https:\/\/alertasaltillo.com\/index.php\/wp-json\/wp\/v2\/comments?post=25712"}],"version-history":[{"count":1,"href":"https:\/\/alertasaltillo.com\/index.php\/wp-json\/wp\/v2\/posts\/25712\/revisions"}],"predecessor-version":[{"id":25714,"href":"https:\/\/alertasaltillo.com\/index.php\/wp-json\/wp\/v2\/posts\/25712\/revisions\/25714"}],"wp:featuredmedia":[{"embeddable":true,"href":"https:\/\/alertasaltillo.com\/index.php\/wp-json\/wp\/v2\/media\/25713"}],"wp:attachment":[{"href":"https:\/\/alertasaltillo.com\/index.php\/wp-json\/wp\/v2\/media?parent=25712"}],"wp:term":[{"taxonomy":"category","embeddable":true,"href":"https:\/\/alertasaltillo.com\/index.php\/wp-json\/wp\/v2\/categories?post=25712"},{"taxonomy":"post_tag","embeddable":true,"href":"https:\/\/alertasaltillo.com\/index.php\/wp-json\/wp\/v2\/tags?post=25712"}],"curies":[{"name":"wp","href":"https:\/\/api.w.org\/{rel}","templated":true}]}}