{"id":25682,"date":"2026-04-30T14:23:03","date_gmt":"2026-04-30T14:23:03","guid":{"rendered":"https:\/\/alertasaltillo.com\/?p=25682"},"modified":"2026-04-30T14:23:05","modified_gmt":"2026-04-30T14:23:05","slug":"celebrara-saltillo-a-las-madres-en-todos-los-sectores-de-la-ciudad","status":"publish","type":"post","link":"https:\/\/alertasaltillo.com\/index.php\/2026\/04\/30\/celebrara-saltillo-a-las-madres-en-todos-los-sectores-de-la-ciudad\/","title":{"rendered":"CELEBRAR\u00c1 SALTILLO A LAS MADRES EN TODOS LOS SECTORES DE LA CIUDAD"},"content":{"rendered":"\n<p><\/p>\n\n\n\n<p><em>Anuncia Javier D\u00edaz \u201cDuelo de Sonoras\u201d en las colonias Teresitas, Sat\u00e9lite Norte, Zaragoza y Guayulera<\/em><\/p>\n\n\n\n<p>Saltillo, Coahuila de Zaragoza; 30 de abril de 2026.- El alcalde de Saltillo, Javier D\u00edaz Gonz\u00e1lez, anunci\u00f3 que, en equipo con el gobernador Manolo Jim\u00e9nez Salinas, se festejar\u00e1 a las madres saltillenses con una serie de conciertos que se llevar\u00e1n a cabo en todos los sectores de la ciudad.<\/p>\n\n\n\n<p>En ese marco, indic\u00f3 que del 6 al 9 de mayo se realizar\u00e1 el \u201cDuelo de Sonoras\u201d, con la participaci\u00f3n de \u201cLa Sonora Dinamita\u201d y la \u201cSuper Original Tropicana de Benetia\u201d, adem\u00e1s del grupo local norte\u00f1o \u201cSe\u00f1or Bones\u201d.<\/p>\n\n\n\n<p>Javier D\u00edaz se\u00f1al\u00f3 que todos los conciertos ser\u00e1n gratuitos, iniciar\u00e1n a partir de las 18:30 horas y se llevar\u00e1n a cabo en las siguientes ubicaciones:<\/p>\n\n\n\n<p>06 de mayo<\/p>\n\n\n\n<p>Lugar: Parque Abraham Curbelo ubicado en la calle Pedro Ampudia esquina con Miguel Negrete, colonia Guayulera.<\/p>\n\n\n\n<p>07 de mayo<\/p>\n\n\n\n<p>Lugar: Calle Rayados, entre Primera y Huachichiles, colonia Teresitas (atr\u00e1s del Multideportivo El Sarape).<\/p>\n\n\n\n<p>08 de mayo<\/p>\n\n\n\n<p>Lugar: Plaza P\u00fablica de la colonia Zaragoza, ubicada entre Laureles y Eucalipto.<\/p>\n\n\n\n<p>09 de mayo<\/p>\n\n\n\n<p>Lugar: Estacionamiento de \u201cMi Tienda\u201d ubicada en el Bulevar Luis Echeverr\u00eda esquina con J\u00fapiter, colonia Sat\u00e9lite Norte.<\/p>\n","protected":false},"excerpt":{"rendered":"<p>Anuncia Javier D\u00edaz \u201cDuelo de Sonoras\u201d en las colonias Teresitas, Sat\u00e9lite Norte, Zaragoza y Guayulera Saltillo, Coahuila de Zaragoza; 30 de abril de 2026.- El alcalde de Saltillo, Javier D\u00edaz Gonz\u00e1lez, anunci\u00f3 que, en equipo con el gobernador Manolo Jim\u00e9nez Salinas, se festejar\u00e1 a las madres saltillenses con una serie de conciertos que se llevar\u00e1n [&hellip;]<\/p>\n","protected":false},"author":4,"featured_media":25683,"comment_status":"open","ping_status":"open","sticky":false,"template":"","format":"standard","meta":[],"categories":[5],"tags":[],"_links":{"self":[{"href":"https:\/\/alertasaltillo.com\/index.php\/wp-json\/wp\/v2\/posts\/25682"}],"collection":[{"href":"https:\/\/alertasaltillo.com\/index.php\/wp-json\/wp\/v2\/posts"}],"about":[{"href":"https:\/\/alertasaltillo.com\/index.php\/wp-json\/wp\/v2\/types\/post"}],"author":[{"embeddable":true,"href":"https:\/\/alertasaltillo.com\/index.php\/wp-json\/wp\/v2\/users\/4"}],"replies":[{"embeddable":true,"href":"https:\/\/alertasaltillo.com\/index.php\/wp-json\/wp\/v2\/comments?post=25682"}],"version-history":[{"count":1,"href":"https:\/\/alertasaltillo.com\/index.php\/wp-json\/wp\/v2\/posts\/25682\/revisions"}],"predecessor-version":[{"id":25684,"href":"https:\/\/alertasaltillo.com\/index.php\/wp-json\/wp\/v2\/posts\/25682\/revisions\/25684"}],"wp:featuredmedia":[{"embeddable":true,"href":"https:\/\/alertasaltillo.com\/index.php\/wp-json\/wp\/v2\/media\/25683"}],"wp:attachment":[{"href":"https:\/\/alertasaltillo.com\/index.php\/wp-json\/wp\/v2\/media?parent=25682"}],"wp:term":[{"taxonomy":"category","embeddable":true,"href":"https:\/\/alertasaltillo.com\/index.php\/wp-json\/wp\/v2\/categories?post=25682"},{"taxonomy":"post_tag","embeddable":true,"href":"https:\/\/alertasaltillo.com\/index.php\/wp-json\/wp\/v2\/tags?post=25682"}],"curies":[{"name":"wp","href":"https:\/\/api.w.org\/{rel}","templated":true}]}}