{"id":25655,"date":"2026-04-30T13:53:54","date_gmt":"2026-04-30T13:53:54","guid":{"rendered":"https:\/\/alertasaltillo.com\/?p=25655"},"modified":"2026-04-30T13:53:57","modified_gmt":"2026-04-30T13:53:57","slug":"arranca-javier-diaz-el-programa-de-empleo-temporal-2026","status":"publish","type":"post","link":"https:\/\/alertasaltillo.com\/index.php\/2026\/04\/30\/arranca-javier-diaz-el-programa-de-empleo-temporal-2026\/","title":{"rendered":"ARRANCA JAVIER D\u00cdAZ EL PROGRAMA DE EMPLEO TEMPORAL 2026"},"content":{"rendered":"\n<p><em>Se invertir\u00e1n 8.5 MDP en beneficio de mil 182 saltillenses; suman una nueva modalidad<\/em><\/p>\n\n\n\n<p>Saltillo, Coahuila de Zaragoza; 29 de abril de 2026.- El alcalde Javier D\u00edaz Gonz\u00e1lez arranc\u00f3 el programa de Empleo Temporal 2026, en el que se invertir\u00e1n 8.5 millones de pesos, adem\u00e1s de sumar la modalidad de ReActiva, con la que se realizar\u00e1n labores de limpieza en colaboraci\u00f3n con las cuadrillas de las brigadas Aqu\u00ed Andamos.<\/p>\n\n\n\n<p>\u201cEste es uno de los programas de mayor impacto que ayuda a incrementar el ingreso de las familias saltillenses, y este a\u00f1o operar\u00e1 bajo tres modalidades, con el prop\u00f3sito de ampliar su cobertura y atender de manera m\u00e1s eficiente las diversas necesidades de la poblaci\u00f3n beneficiaria\u201d, se\u00f1al\u00f3.<\/p>\n\n\n\n<p>Javier D\u00edaz mencion\u00f3 que, con el respaldo del gobernador Manolo Jim\u00e9nez Salinas, en el 2025 se destinaron m\u00e1s de 6.1 millones de pesos, beneficiando a 942 personas, mientras que en este 2026 se aplicar\u00e1n 8.5 millones de pesos en beneficio de mil 182 saltillenses.<\/p>\n\n\n\n<p>El alcalde inform\u00f3 que este a\u00f1o se incluy\u00f3 la modalidad de ReActiva, en la que se llevar\u00e1n a cabo labores de limpieza de calles, callejones, arroyos y\/o espacios p\u00fablicos en \u00e1reas urbanas, junto con las cuadrillas de las brigadas Aqu\u00ed Andamos.<\/p>\n\n\n\n<p>\u201cContinuaremos con la modalidad de Limpieza y Restauraci\u00f3n de Espacios P\u00fablicos, teniendo como poblaci\u00f3n objetivo madres solteras, adultos mayores, personas con discapacidad, j\u00f3venes que buscan solventar sus estudios y personas econ\u00f3micamente vulnerables\u201d, dijo el alcalde.<\/p>\n\n\n\n<p>As\u00ed como la modalidad de Promotores del Desarrollo Profesional, para quienes cuenten con estudios y\/o conocimientos en \u00e1reas como educaci\u00f3n, deporte, cultura, ciencias y tecnolog\u00eda, para promover sus disciplinas en todos los sectores de la ciudad.<\/p>\n\n\n\n<p>Enrique Garza Naranjo, director de Fomento Econ\u00f3mico, se\u00f1al\u00f3 que el programa de Empleo Temporal tiene como objetivo principal brindar apoyo a las y los saltillenses que enfrentan dificultades para acceder a un empleo formal y que se encuentran en situaci\u00f3n de vulnerabilidad.<\/p>\n\n\n\n<p>\u201cCon ello, adem\u00e1s, damos cumplimiento a los compromisos establecidos por la administraci\u00f3n del alcalde Javier D\u00edaz Gonz\u00e1lez, aline\u00e1ndonos al eje Saltillo de Oportunidades del Plan Municipal de Desarrollo 2025\u20132027\u201d, refiri\u00f3.<\/p>\n\n\n\n<p>A nombre de las y los beneficiarios, la se\u00f1ora Rosa Mar\u00eda Mart\u00ednez Carrizales dijo que es de valorarse este tipo de eventos que benefician a las familias, en estos tiempos de dificultades econ\u00f3micas.<\/p>\n\n\n\n<p>\u201cEste programa llega en el mejor momento, muchas familias necesitamos de una oportunidad y apoyo para seguir avanzando en el desarrollo del hogar\u201d, destac\u00f3.<\/p>\n\n\n\n<p>De manera simb\u00f3lica, el alcalde Javier D\u00edaz entreg\u00f3 uniformes y materiales a beneficiarias y beneficiarios del programa de Empleo Temporal 2026 en sus tres diferentes modalidades.<\/p>\n\n\n\n<p>Durante el evento estuvieron presentes, Jos\u00e9 Luis Chapa Res\u00e9ndiz, subsecretario de Empleo y Productividad de la Secretar\u00eda del Trabajo del estado; Ricardo Trevi\u00f1o Salinas, regidor presidente de la Comisi\u00f3n de Desarrollo Econ\u00f3mico y Turismo; Ernesto Siller Torres, director de Desarrollo Social; Edgar Omar Puentes L\u00f3pez, director del Instituto Municipal de Cultura F\u00edsica y Deporte; as\u00ed como los beneficiarios del programa Esmeralda Berenice de la Rosa y Jos\u00e9 Arturo Zamora, de Limpieza y Restauraci\u00f3n de Espacios P\u00fablicos y Promoci\u00f3n Deportiva.<\/p>\n\n\n\n<p><\/p>\n","protected":false},"excerpt":{"rendered":"<p>Se invertir\u00e1n 8.5 MDP en beneficio de mil 182 saltillenses; suman una nueva modalidad Saltillo, Coahuila de Zaragoza; 29 de abril de 2026.- El alcalde Javier D\u00edaz Gonz\u00e1lez arranc\u00f3 el programa de Empleo Temporal 2026, en el que se invertir\u00e1n 8.5 millones de pesos, adem\u00e1s de sumar la modalidad de ReActiva, con la que se [&hellip;]<\/p>\n","protected":false},"author":4,"featured_media":25656,"comment_status":"open","ping_status":"open","sticky":false,"template":"","format":"standard","meta":[],"categories":[5],"tags":[],"_links":{"self":[{"href":"https:\/\/alertasaltillo.com\/index.php\/wp-json\/wp\/v2\/posts\/25655"}],"collection":[{"href":"https:\/\/alertasaltillo.com\/index.php\/wp-json\/wp\/v2\/posts"}],"about":[{"href":"https:\/\/alertasaltillo.com\/index.php\/wp-json\/wp\/v2\/types\/post"}],"author":[{"embeddable":true,"href":"https:\/\/alertasaltillo.com\/index.php\/wp-json\/wp\/v2\/users\/4"}],"replies":[{"embeddable":true,"href":"https:\/\/alertasaltillo.com\/index.php\/wp-json\/wp\/v2\/comments?post=25655"}],"version-history":[{"count":1,"href":"https:\/\/alertasaltillo.com\/index.php\/wp-json\/wp\/v2\/posts\/25655\/revisions"}],"predecessor-version":[{"id":25657,"href":"https:\/\/alertasaltillo.com\/index.php\/wp-json\/wp\/v2\/posts\/25655\/revisions\/25657"}],"wp:featuredmedia":[{"embeddable":true,"href":"https:\/\/alertasaltillo.com\/index.php\/wp-json\/wp\/v2\/media\/25656"}],"wp:attachment":[{"href":"https:\/\/alertasaltillo.com\/index.php\/wp-json\/wp\/v2\/media?parent=25655"}],"wp:term":[{"taxonomy":"category","embeddable":true,"href":"https:\/\/alertasaltillo.com\/index.php\/wp-json\/wp\/v2\/categories?post=25655"},{"taxonomy":"post_tag","embeddable":true,"href":"https:\/\/alertasaltillo.com\/index.php\/wp-json\/wp\/v2\/tags?post=25655"}],"curies":[{"name":"wp","href":"https:\/\/api.w.org\/{rel}","templated":true}]}}