{"id":25644,"date":"2026-04-30T13:42:13","date_gmt":"2026-04-30T13:42:13","guid":{"rendered":"https:\/\/alertasaltillo.com\/?p=25644"},"modified":"2026-04-30T13:42:15","modified_gmt":"2026-04-30T13:42:15","slug":"saltillo-es-reconocida-como-ciudad-de-excelencias-en-el-tianguis-turistico-2026","status":"publish","type":"post","link":"https:\/\/alertasaltillo.com\/index.php\/2026\/04\/30\/saltillo-es-reconocida-como-ciudad-de-excelencias-en-el-tianguis-turistico-2026\/","title":{"rendered":"SALTILLO ES RECONOCIDA COMO \u00abCIUDAD DE EXCELENCIAS\u00bb EN EL TIANGUIS TUR\u00cdSTICO 2026"},"content":{"rendered":"\n<p><\/p>\n\n\n\n<p><em>Destacan que la seguridad de nuestra capital es un activo fundamental para su atracci\u00f3n tur\u00edstica<\/em><\/p>\n\n\n\n<p>Acapulco, Guerrero; 28 de abril de 2026.- Saltillo fue reconocida con el premio internacional \u201cCiudad de Excelencias\u201d, otorgado por el \u00abGrupo Excelencias\u00bb, durante el Tianguis Tur\u00edstico de M\u00e9xico 2026, celebrado en Acapulco, Guerrero, inform\u00f3 el alcalde Javier D\u00edaz Gonz\u00e1lez.<\/p>\n\n\n\n<p>Este galard\u00f3n reconoce a destinos urbanos que destacan por su gesti\u00f3n p\u00fablica, calidad de vida, identidad cultural, sostenibilidad e innovaci\u00f3n tur\u00edstica, consolidando a nuestra capital como uno de los referentes del turismo en M\u00e9xico.<\/p>\n\n\n\n<p>Asimismo, se reconoci\u00f3 el entorno de seguridad y calidad de vida, posicionando a Saltillo como la capital m\u00e1s segura de M\u00e9xico, condici\u00f3n fundamental para el desarrollo tur\u00edstico y la confianza de los visitantes.<\/p>\n\n\n\n<p>\u00abLa alianza que tenemos con el Gobernador Manolo Jim\u00e9nez Salinas, as\u00ed como con empresarias, empresarios y organismos de la sociedad civil, han posicionado a nuestra ciudad como un destino seguro para el turismo\u00bb, destac\u00f3 Javier D\u00edaz.<\/p>\n\n\n\n<p>El reconocimiento fue recibido por Lydia Gonz\u00e1lez Rodr\u00edguez, directora de Turismo de Saltillo.<\/p>\n\n\n\n<p>Durante la ceremonia, encabezada por Jos\u00e9 Carlos de Santiago, presidente del Grupo Excelencias, se destac\u00f3 que Saltillo ha logrado equilibrar su crecimiento econ\u00f3mico con la preservaci\u00f3n de sus tradiciones, ofreciendo una experiencia aut\u00e9ntica y de calidad para visitantes nacionales e internacionales.<\/p>\n\n\n\n<p>El reconocimiento se sustenta en diversos factores evaluados por un jurado calificador y por la votaci\u00f3n del p\u00fablico, entre los que destacan: seguridad, competitividad, preservaci\u00f3n del patrimonio cultural, innovaci\u00f3n en productos tur\u00edsticos, as\u00ed como la sostenibilidad, la participaci\u00f3n ciudadana y la promoci\u00f3n del destino tur\u00edstico.<\/p>\n\n\n\n<p>Entre los elementos que distinguieron a Saltillo se encuentran proyectos como: Vinos y Dinos, el impulso a la cultura del sarape, el aprovechamiento de espacios naturales como la Sierra de Zapalinam\u00e9, as\u00ed como el posicionamiento del Museo del Desierto como un referente a nivel nacional, entre otros.<\/p>\n","protected":false},"excerpt":{"rendered":"<p>Destacan que la seguridad de nuestra capital es un activo fundamental para su atracci\u00f3n tur\u00edstica Acapulco, Guerrero; 28 de abril de 2026.- Saltillo fue reconocida con el premio internacional \u201cCiudad de Excelencias\u201d, otorgado por el \u00abGrupo Excelencias\u00bb, durante el Tianguis Tur\u00edstico de M\u00e9xico 2026, celebrado en Acapulco, Guerrero, inform\u00f3 el alcalde Javier D\u00edaz Gonz\u00e1lez. Este [&hellip;]<\/p>\n","protected":false},"author":4,"featured_media":25645,"comment_status":"open","ping_status":"open","sticky":false,"template":"","format":"standard","meta":[],"categories":[208],"tags":[],"_links":{"self":[{"href":"https:\/\/alertasaltillo.com\/index.php\/wp-json\/wp\/v2\/posts\/25644"}],"collection":[{"href":"https:\/\/alertasaltillo.com\/index.php\/wp-json\/wp\/v2\/posts"}],"about":[{"href":"https:\/\/alertasaltillo.com\/index.php\/wp-json\/wp\/v2\/types\/post"}],"author":[{"embeddable":true,"href":"https:\/\/alertasaltillo.com\/index.php\/wp-json\/wp\/v2\/users\/4"}],"replies":[{"embeddable":true,"href":"https:\/\/alertasaltillo.com\/index.php\/wp-json\/wp\/v2\/comments?post=25644"}],"version-history":[{"count":1,"href":"https:\/\/alertasaltillo.com\/index.php\/wp-json\/wp\/v2\/posts\/25644\/revisions"}],"predecessor-version":[{"id":25646,"href":"https:\/\/alertasaltillo.com\/index.php\/wp-json\/wp\/v2\/posts\/25644\/revisions\/25646"}],"wp:featuredmedia":[{"embeddable":true,"href":"https:\/\/alertasaltillo.com\/index.php\/wp-json\/wp\/v2\/media\/25645"}],"wp:attachment":[{"href":"https:\/\/alertasaltillo.com\/index.php\/wp-json\/wp\/v2\/media?parent=25644"}],"wp:term":[{"taxonomy":"category","embeddable":true,"href":"https:\/\/alertasaltillo.com\/index.php\/wp-json\/wp\/v2\/categories?post=25644"},{"taxonomy":"post_tag","embeddable":true,"href":"https:\/\/alertasaltillo.com\/index.php\/wp-json\/wp\/v2\/tags?post=25644"}],"curies":[{"name":"wp","href":"https:\/\/api.w.org\/{rel}","templated":true}]}}