{"id":25641,"date":"2026-04-30T13:39:44","date_gmt":"2026-04-30T13:39:44","guid":{"rendered":"https:\/\/alertasaltillo.com\/?p=25641"},"modified":"2026-04-30T13:39:46","modified_gmt":"2026-04-30T13:39:46","slug":"informa-la-sedu-puente-educativo","status":"publish","type":"post","link":"https:\/\/alertasaltillo.com\/index.php\/2026\/04\/30\/informa-la-sedu-puente-educativo\/","title":{"rendered":"INFORMA LA SEDU PUENTE EDUCATIVO"},"content":{"rendered":"\n<p>De acuerdo a un consenso general con diferentes sectores relevantes de nuestro sector educativo se lleg\u00f3 a un acuerdo de autorizar la petici\u00f3n de cambiar la suspensi\u00f3n de labores docentes relacionadas al asueto del 5 de mayo, con motivo de la conmemoraci\u00f3n de la Batalla de Puebla, al 4 de mayo del presente. En consecuencia, se suspenden actividades escolares los d\u00edas viernes 1 de mayo y lunes 4 de mayo, reanud\u00e1ndose las clases el martes 5 de mayo.<\/p>\n\n\n\n<p>Con dicha medida se genera el beneficio para quienes conforman nuestras comunidades educativas de poder contar con un fin de semana largo, mientras se sigue cumpliendo con los 185 d\u00edas efectivos de nuestro calendario escolar.<\/p>\n\n\n\n<p>Se precisa que esta disposici\u00f3n aplica exclusivamente para el personal sindicalizado de las Secciones 5, 35 y 38 del SNTE.<\/p>\n\n\n\n<p>Asimismo, en el caso de las escuelas particulares, la aplicaci\u00f3n de esta medida quedar\u00e1 a consideraci\u00f3n de sus autoridades escolares, en funci\u00f3n de lo que determinen m\u00e1s conveniente para su comunidad educativa.<\/p>\n\n\n\n<p>La presente medida tiene como finalidad el seguir favoreciendo el bienestar y la convivencia familiar en nuestra entidad, salvaguardando al mismo tiempo el adecuado desarrollo acad\u00e9mico en nuestras comunidades educativas.<\/p>\n\n\n\n<p><\/p>\n","protected":false},"excerpt":{"rendered":"<p>De acuerdo a un consenso general con diferentes sectores relevantes de nuestro sector educativo se lleg\u00f3 a un acuerdo de autorizar la petici\u00f3n de cambiar la suspensi\u00f3n de labores docentes relacionadas al asueto del 5 de mayo, con motivo de la conmemoraci\u00f3n de la Batalla de Puebla, al 4 de mayo del presente. En consecuencia, [&hellip;]<\/p>\n","protected":false},"author":4,"featured_media":25642,"comment_status":"open","ping_status":"open","sticky":false,"template":"","format":"standard","meta":[],"categories":[193],"tags":[],"_links":{"self":[{"href":"https:\/\/alertasaltillo.com\/index.php\/wp-json\/wp\/v2\/posts\/25641"}],"collection":[{"href":"https:\/\/alertasaltillo.com\/index.php\/wp-json\/wp\/v2\/posts"}],"about":[{"href":"https:\/\/alertasaltillo.com\/index.php\/wp-json\/wp\/v2\/types\/post"}],"author":[{"embeddable":true,"href":"https:\/\/alertasaltillo.com\/index.php\/wp-json\/wp\/v2\/users\/4"}],"replies":[{"embeddable":true,"href":"https:\/\/alertasaltillo.com\/index.php\/wp-json\/wp\/v2\/comments?post=25641"}],"version-history":[{"count":1,"href":"https:\/\/alertasaltillo.com\/index.php\/wp-json\/wp\/v2\/posts\/25641\/revisions"}],"predecessor-version":[{"id":25643,"href":"https:\/\/alertasaltillo.com\/index.php\/wp-json\/wp\/v2\/posts\/25641\/revisions\/25643"}],"wp:featuredmedia":[{"embeddable":true,"href":"https:\/\/alertasaltillo.com\/index.php\/wp-json\/wp\/v2\/media\/25642"}],"wp:attachment":[{"href":"https:\/\/alertasaltillo.com\/index.php\/wp-json\/wp\/v2\/media?parent=25641"}],"wp:term":[{"taxonomy":"category","embeddable":true,"href":"https:\/\/alertasaltillo.com\/index.php\/wp-json\/wp\/v2\/categories?post=25641"},{"taxonomy":"post_tag","embeddable":true,"href":"https:\/\/alertasaltillo.com\/index.php\/wp-json\/wp\/v2\/tags?post=25641"}],"curies":[{"name":"wp","href":"https:\/\/api.w.org\/{rel}","templated":true}]}}