{"id":25632,"date":"2026-04-30T13:31:04","date_gmt":"2026-04-30T13:31:04","guid":{"rendered":"https:\/\/alertasaltillo.com\/?p=25632"},"modified":"2026-04-30T13:31:07","modified_gmt":"2026-04-30T13:31:07","slug":"listos-para-la-convencion-nacional-de-canacintra-en-coahuila-2026","status":"publish","type":"post","link":"https:\/\/alertasaltillo.com\/index.php\/2026\/04\/30\/listos-para-la-convencion-nacional-de-canacintra-en-coahuila-2026\/","title":{"rendered":"LISTOS PARA LA CONVENCI\u00d3N NACIONAL DE CANACINTRA EN COAHUILA 2026"},"content":{"rendered":"\n<p><\/p>\n\n\n\n<p>Ciudad de M\u00e9xico; a 28 de abril de 2026.- El gobernador Manolo Jim\u00e9nez Salinas se reuni\u00f3 con m\u00e1s de 400 integrantes del Consejo Directivo Nacional de la Canacintra en evento donde se acord\u00f3 que nuestra entidad sea sede de su Convenci\u00f3n Nacional que se celebrar\u00e1 en el pr\u00f3ximo mes de octubre.<\/p>\n\n\n\n<p>\u201cDesde la Ciudad de M\u00e9xico participamos en el Consejo Directivo Nacional de CANACINTRA donde tuvimos la oportunidad de saludar a industriales de todo el pa\u00eds e invitarlos a la Convenci\u00f3n Nacional de esta gran c\u00e1mara empresarial que se llevar\u00e1 en Coahuila durante el mes de octubre.&nbsp;<\/p>\n\n\n\n<p>\u201cSeguiremos trabajando en equipo entre sociedad y gobierno, fortaleciendo la relaci\u00f3n con la industria y posicionando a Coahuila como un gran destino para la inversi\u00f3n. Hoy somos uno de los estados m\u00e1s seguros del pa\u00eds, y eso nos permite seguir creciendo, generando empleo y atrayendo m\u00e1s y mejores oportunidades para todas y todos. \u00a1Los esperamos en octubre!\u201d, coment\u00f3 el Mandatario estatal.<\/p>\n\n\n\n<p>Durante su participaci\u00f3n, Manolo Jim\u00e9nez dio a conocer a los industriales la riqueza cultural y la fortaleza econ\u00f3mica del estado, lo que sin duda contribuir\u00e1 al impulso del turismo y fortalecer\u00e1 el posicionamiento de la entidad como un destino atractivo para inversiones, convenciones y eventos de alto nivel.<\/p>\n\n\n\n<p>Mencion\u00f3 que Coahuila es una potencia nacional en desarrollo econ\u00f3mico e inform\u00f3 que nuestra entidad es l\u00edder en producci\u00f3n de autos el\u00e9ctricos y convencionales, as\u00ed como de autopartes; estado l\u00edder en producci\u00f3n de plata refinada, mel\u00f3n, leche, entre otros indicadores; adem\u00e1s de estar entre los estados l\u00edderes en exportaciones.<\/p>\n\n\n\n<p>Se\u00f1al\u00f3, adem\u00e1s, la estabilidad laboral con que se cuenta en Coahuila, as\u00ed como la excelente mano de obra calificada, resultado de la estrecha relaci\u00f3n entre gobierno, academia e industria.<\/p>\n\n\n\n<p>Manolo Jim\u00e9nez destac\u00f3 que Coahuila es el estado m\u00e1s seguro de todo M\u00e9xico al tener la capital m\u00e1s segura del pa\u00eds, las fronteras m\u00e1s seguras de M\u00e9xico y a Torre\u00f3n entre las mejor evaluadas; los tres dentro del top 6 nacional.<\/p>\n\n\n\n<p>Explic\u00f3 porque el modelo Coahuila de seguridad es referente nacional, con una gran coordinaci\u00f3n, voluntad y trabajo en equipo entre las fuerzas federales, estatales y municipales.<\/p>\n\n\n\n<p>Dijo que en Coahuila se invierten una gran cantidad de recursos para seguir robusteciendo el blindaje con m\u00e1s prevenci\u00f3n, proximidad, inteligencia y fuerza.<\/p>\n\n\n\n<p>Toro lo anterior hacen de Coahuila el mejor estado para invertir y para recibir eventos nacionales e internacionales.&nbsp;&nbsp;<\/p>\n\n\n\n<p>Mar\u00eda de Lourdes Medina Ortega, presidenta Nacional de la Canacintra, mencion\u00f3 que la reuni\u00f3n de hoy fue un espacio de di\u00e1logo que refleja con claridad lo que M\u00e9xico necesita, coordinaci\u00f3n corresponsabilidad y una visi\u00f3n compartida entre gobierno, industria y sociedad.<\/p>\n\n\n\n<p>A nombre de la Canacintra nacional, reconoci\u00f3 el trabajo que Manolo Jim\u00e9nez ha impulsado en Coahuila para fortalecer su vocaci\u00f3n industrial.<\/p>\n\n\n\n<p>\u201cSu ubicaci\u00f3n geogr\u00e1fica, su conectividad con Estados Unidos y su tradici\u00f3n productiva lo posicionan como uno de los estados m\u00e1s estrat\u00e9gicos del pa\u00eds\u201d, se\u00f1al\u00f3 y reiter\u00f3 que Coahuila es, sin duda, un referente industrial.&nbsp;<\/p>\n\n\n\n<p>Destac\u00f3 que el estado se ha consolidado como l\u00edder de la fabricaci\u00f3n de componentes en la industria automotriz y el\u00e9ctrica; y mantiene una relevancia hist\u00f3rica en la producci\u00f3n energ\u00e9tica.&nbsp;<\/p>\n\n\n\n<p>Reiter\u00f3 la disposici\u00f3n de la Canacintra para fortalecer las cadenas productivas, impulsar la innovaci\u00f3n, generar condiciones que permitan a la industria mantener su dinamismo.<\/p>\n\n\n\n<p>As\u00ed como para trabajar de manera conjunta en agendas prioritarias, infraestructura estrat\u00e9gica, acceso a energ\u00eda suficiente y competitiva, seguridad para la inversi\u00f3n y formaci\u00f3n de talento.<\/p>\n","protected":false},"excerpt":{"rendered":"<p>Ciudad de M\u00e9xico; a 28 de abril de 2026.- El gobernador Manolo Jim\u00e9nez Salinas se reuni\u00f3 con m\u00e1s de 400 integrantes del Consejo Directivo Nacional de la Canacintra en evento donde se acord\u00f3 que nuestra entidad sea sede de su Convenci\u00f3n Nacional que se celebrar\u00e1 en el pr\u00f3ximo mes de octubre. \u201cDesde la Ciudad de [&hellip;]<\/p>\n","protected":false},"author":4,"featured_media":25633,"comment_status":"open","ping_status":"open","sticky":false,"template":"","format":"standard","meta":[],"categories":[4],"tags":[],"_links":{"self":[{"href":"https:\/\/alertasaltillo.com\/index.php\/wp-json\/wp\/v2\/posts\/25632"}],"collection":[{"href":"https:\/\/alertasaltillo.com\/index.php\/wp-json\/wp\/v2\/posts"}],"about":[{"href":"https:\/\/alertasaltillo.com\/index.php\/wp-json\/wp\/v2\/types\/post"}],"author":[{"embeddable":true,"href":"https:\/\/alertasaltillo.com\/index.php\/wp-json\/wp\/v2\/users\/4"}],"replies":[{"embeddable":true,"href":"https:\/\/alertasaltillo.com\/index.php\/wp-json\/wp\/v2\/comments?post=25632"}],"version-history":[{"count":1,"href":"https:\/\/alertasaltillo.com\/index.php\/wp-json\/wp\/v2\/posts\/25632\/revisions"}],"predecessor-version":[{"id":25634,"href":"https:\/\/alertasaltillo.com\/index.php\/wp-json\/wp\/v2\/posts\/25632\/revisions\/25634"}],"wp:featuredmedia":[{"embeddable":true,"href":"https:\/\/alertasaltillo.com\/index.php\/wp-json\/wp\/v2\/media\/25633"}],"wp:attachment":[{"href":"https:\/\/alertasaltillo.com\/index.php\/wp-json\/wp\/v2\/media?parent=25632"}],"wp:term":[{"taxonomy":"category","embeddable":true,"href":"https:\/\/alertasaltillo.com\/index.php\/wp-json\/wp\/v2\/categories?post=25632"},{"taxonomy":"post_tag","embeddable":true,"href":"https:\/\/alertasaltillo.com\/index.php\/wp-json\/wp\/v2\/tags?post=25632"}],"curies":[{"name":"wp","href":"https:\/\/api.w.org\/{rel}","templated":true}]}}