{"id":25626,"date":"2026-04-30T13:26:51","date_gmt":"2026-04-30T13:26:51","guid":{"rendered":"https:\/\/alertasaltillo.com\/?p=25626"},"modified":"2026-04-30T13:26:53","modified_gmt":"2026-04-30T13:26:53","slug":"hallan-arma-blanca-a-alumno-de-colegio-privado-en-coahuila-durante-operativo-mochila","status":"publish","type":"post","link":"https:\/\/alertasaltillo.com\/index.php\/2026\/04\/30\/hallan-arma-blanca-a-alumno-de-colegio-privado-en-coahuila-durante-operativo-mochila\/","title":{"rendered":"HALLAN ARMA BLANCA A ALUMNO DE COLEGIO PRIVADO EN COAHUILA DURANTE OPERATIVO MOCHILA"},"content":{"rendered":"\n<h2>La Secretar\u00eda de Educaci\u00f3n reforz\u00f3 protocolos de vigilancia y Operativo Mochila tras recientes reportes de amenazas en planteles de Monclova y Saltillo<\/h2>\n\n\n\n<p>MONCLOVA, COAH.- Un arma blanca fue localizada al interior de la mochila de un estudiante de un colegio privado en&nbsp;<strong><a rel=\"noreferrer noopener\" href=\"https:\/\/coahuila.gob.mx\/\" target=\"_blank\">Coahuila<\/a><\/strong>&nbsp;durante la aplicaci\u00f3n del Operativo Mochila, sin que el hecho derivara en una situaci\u00f3n de mayor riesgo, informaron autoridades educativas estatales.<\/p>\n\n\n\n<p>De acuerdo con la Secretar\u00eda de Educaci\u00f3n, el hallazgo ocurri\u00f3 como parte de las revisiones preventivas que se realizan en los accesos de diversos planteles dentro de los protocolos de seguridad escolar implementados para salvaguardar la integridad de alumnos, docentes y personal administrativo.<\/p>\n\n\n\n<p>As\u00ed lo dio a conocer el subsecretario de Educaci\u00f3n B\u00e1sica en Coahuila, Hugo Lozano S\u00e1nchez, quien confirm\u00f3 que el caso corresponde a una instituci\u00f3n educativa privada y destac\u00f3 que la situaci\u00f3n fue atendida de manera inmediata por directivos y autoridades.<\/p>\n\n\n\n<p>\u201cHasta ahorita hubo un reporte de una instituci\u00f3n privada que se encontr\u00f3 un \u2018arma\u2019 que ten\u00edan por ah\u00ed. No pas\u00f3 a mayores\u201d, declar\u00f3 el funcionario.<\/p>\n\n\n\n<p>Con Informaci\u00f3n Tomada de VANGUARDIA<\/p>\n","protected":false},"excerpt":{"rendered":"<p>La Secretar\u00eda de Educaci\u00f3n reforz\u00f3 protocolos de vigilancia y Operativo Mochila tras recientes reportes de amenazas en planteles de Monclova y Saltillo MONCLOVA, COAH.- Un arma blanca fue localizada al interior de la mochila de un estudiante de un colegio privado en&nbsp;Coahuila&nbsp;durante la aplicaci\u00f3n del Operativo Mochila, sin que el hecho derivara en una situaci\u00f3n [&hellip;]<\/p>\n","protected":false},"author":4,"featured_media":25627,"comment_status":"open","ping_status":"open","sticky":false,"template":"","format":"standard","meta":[],"categories":[205],"tags":[],"_links":{"self":[{"href":"https:\/\/alertasaltillo.com\/index.php\/wp-json\/wp\/v2\/posts\/25626"}],"collection":[{"href":"https:\/\/alertasaltillo.com\/index.php\/wp-json\/wp\/v2\/posts"}],"about":[{"href":"https:\/\/alertasaltillo.com\/index.php\/wp-json\/wp\/v2\/types\/post"}],"author":[{"embeddable":true,"href":"https:\/\/alertasaltillo.com\/index.php\/wp-json\/wp\/v2\/users\/4"}],"replies":[{"embeddable":true,"href":"https:\/\/alertasaltillo.com\/index.php\/wp-json\/wp\/v2\/comments?post=25626"}],"version-history":[{"count":1,"href":"https:\/\/alertasaltillo.com\/index.php\/wp-json\/wp\/v2\/posts\/25626\/revisions"}],"predecessor-version":[{"id":25628,"href":"https:\/\/alertasaltillo.com\/index.php\/wp-json\/wp\/v2\/posts\/25626\/revisions\/25628"}],"wp:featuredmedia":[{"embeddable":true,"href":"https:\/\/alertasaltillo.com\/index.php\/wp-json\/wp\/v2\/media\/25627"}],"wp:attachment":[{"href":"https:\/\/alertasaltillo.com\/index.php\/wp-json\/wp\/v2\/media?parent=25626"}],"wp:term":[{"taxonomy":"category","embeddable":true,"href":"https:\/\/alertasaltillo.com\/index.php\/wp-json\/wp\/v2\/categories?post=25626"},{"taxonomy":"post_tag","embeddable":true,"href":"https:\/\/alertasaltillo.com\/index.php\/wp-json\/wp\/v2\/tags?post=25626"}],"curies":[{"name":"wp","href":"https:\/\/api.w.org\/{rel}","templated":true}]}}