{"id":25614,"date":"2026-04-30T13:14:00","date_gmt":"2026-04-30T13:14:00","guid":{"rendered":"https:\/\/alertasaltillo.com\/?p=25614"},"modified":"2026-04-30T13:14:03","modified_gmt":"2026-04-30T13:14:03","slug":"chocan-3-traileres-en-la-saltillo-monterrey","status":"publish","type":"post","link":"https:\/\/alertasaltillo.com\/index.php\/2026\/04\/30\/chocan-3-traileres-en-la-saltillo-monterrey\/","title":{"rendered":"CHOCAN 3 TR\u00c1ILERES EN LA SALTILLO-MONTERREY"},"content":{"rendered":"\n<h2>A pesar de lo aparatoso del accidente no se reportan lesionados de gravedad<\/h2>\n\n\n\n<p><\/p>\n\n\n\n<p>Un aparatoso choque entre tres tr\u00e1ileres se registr\u00f3 en el kil\u00f3metro 25 de la&nbsp;<strong>carretera libre Saltillo\u2013Monterrey,<\/strong>&nbsp;sin que se reportaran personas lesionadas de gravedad.<\/p>\n\n\n\n<p>De acuerdo con los primeros reportes,&nbsp;<strong>uno de los conductores involucrados se impact\u00f3 por alcance<\/strong>, lo que origin\u00f3 el percance donde los operadores de las tres unidades involucradas resultaron casi ilesos pese a la magnitud del impacto, que dej\u00f3 severos da\u00f1os materiales.<\/p>\n\n\n\n<p>Al sitio acudieron elementos de la Guardia Nacional, quienes se encargaron de abanderar la zona para prevenir otros percances, adem\u00e1s de elaborar el parte informativo correspondiente y proceder al deslinde de responsabilidades.<\/p>\n\n\n\n<p><strong>El accidente gener\u00f3 una importante afectaci\u00f3n vial,<\/strong>\u00a0con una fila de veh\u00edculos de varios kil\u00f3metros que mantuvo colapsada la circulaci\u00f3n en direcci\u00f3n a Monterrey durante m\u00e1s de una hora y media.<\/p>\n\n\n\n<p>Con Informaci\u00f3n Tomada de EL DIARIO DE COAHUILA<\/p>\n","protected":false},"excerpt":{"rendered":"<p>A pesar de lo aparatoso del accidente no se reportan lesionados de gravedad Un aparatoso choque entre tres tr\u00e1ileres se registr\u00f3 en el kil\u00f3metro 25 de la&nbsp;carretera libre Saltillo\u2013Monterrey,&nbsp;sin que se reportaran personas lesionadas de gravedad. De acuerdo con los primeros reportes,&nbsp;uno de los conductores involucrados se impact\u00f3 por alcance, lo que origin\u00f3 el percance [&hellip;]<\/p>\n","protected":false},"author":4,"featured_media":25615,"comment_status":"open","ping_status":"open","sticky":false,"template":"","format":"standard","meta":[],"categories":[199],"tags":[],"_links":{"self":[{"href":"https:\/\/alertasaltillo.com\/index.php\/wp-json\/wp\/v2\/posts\/25614"}],"collection":[{"href":"https:\/\/alertasaltillo.com\/index.php\/wp-json\/wp\/v2\/posts"}],"about":[{"href":"https:\/\/alertasaltillo.com\/index.php\/wp-json\/wp\/v2\/types\/post"}],"author":[{"embeddable":true,"href":"https:\/\/alertasaltillo.com\/index.php\/wp-json\/wp\/v2\/users\/4"}],"replies":[{"embeddable":true,"href":"https:\/\/alertasaltillo.com\/index.php\/wp-json\/wp\/v2\/comments?post=25614"}],"version-history":[{"count":1,"href":"https:\/\/alertasaltillo.com\/index.php\/wp-json\/wp\/v2\/posts\/25614\/revisions"}],"predecessor-version":[{"id":25616,"href":"https:\/\/alertasaltillo.com\/index.php\/wp-json\/wp\/v2\/posts\/25614\/revisions\/25616"}],"wp:featuredmedia":[{"embeddable":true,"href":"https:\/\/alertasaltillo.com\/index.php\/wp-json\/wp\/v2\/media\/25615"}],"wp:attachment":[{"href":"https:\/\/alertasaltillo.com\/index.php\/wp-json\/wp\/v2\/media?parent=25614"}],"wp:term":[{"taxonomy":"category","embeddable":true,"href":"https:\/\/alertasaltillo.com\/index.php\/wp-json\/wp\/v2\/categories?post=25614"},{"taxonomy":"post_tag","embeddable":true,"href":"https:\/\/alertasaltillo.com\/index.php\/wp-json\/wp\/v2\/tags?post=25614"}],"curies":[{"name":"wp","href":"https:\/\/api.w.org\/{rel}","templated":true}]}}