{"id":25596,"date":"2026-04-30T12:55:50","date_gmt":"2026-04-30T12:55:50","guid":{"rendered":"https:\/\/alertasaltillo.com\/?p=25596"},"modified":"2026-04-30T12:55:52","modified_gmt":"2026-04-30T12:55:52","slug":"gobierno-de-coahuila-fortalece-el-desarrollo-cultural-con-nuevas-convocatorias","status":"publish","type":"post","link":"https:\/\/alertasaltillo.com\/index.php\/2026\/04\/30\/gobierno-de-coahuila-fortalece-el-desarrollo-cultural-con-nuevas-convocatorias\/","title":{"rendered":"GOBIERNO DE COAHUILA FORTALECE EL DESARROLLO CULTURAL CON NUEVAS CONVOCATORIAS"},"content":{"rendered":"\n<p><\/p>\n\n\n\n<p>Saltillo, Coahuila; 27 de abril de 2026.-Con el prop\u00f3sito de ampliar las oportunidades de desarrollo art\u00edstico y cultural en todas las regiones del estado, el Gobierno del Estado de Coahuila, a trav\u00e9s de la Secretar\u00eda de Cultura estatal, en coordinaci\u00f3n con la Secretar\u00eda de Cultura del Gobierno de M\u00e9xico, a trav\u00e9s de la Direcci\u00f3n General de Vinculaci\u00f3n Cultural, lanz\u00f3 tres importantes convocatorias que forman parte del Programa de Apoyos a la Cultura en su vertiente Apoyo a Instituciones Estatales de Cultura (AIEC) 2026, orientadas al impulso de la creaci\u00f3n comunitaria, la preservaci\u00f3n de saberes tradicionales y el fortalecimiento del sector audiovisual en la entidad.<\/p>\n\n\n\n<p>Entre ellas destaca la convocatoria \u201cUn Viaje a la Luna\u201d, que busca fortalecer el tejido social mediante proyectos art\u00edstico-formativos comunitarios dirigidos a ni\u00f1as, ni\u00f1os y adolescentes en localidades con menos de 10 mil habitantes, promoviendo la creatividad, la participaci\u00f3n activa, la identidad cultural y el acceso equitativo a bienes y servicios culturales.<\/p>\n\n\n\n<p>Asimismo, la convocatoria \u201cRed Estatal de Saberes Artesanales\u201d tiene como objetivo preservar y transmitir los conocimientos, oficios y t\u00e9cnicas tradicionales que forman parte del patrimonio cultural vivo de Coahuila, a trav\u00e9s de talleres de iniciaci\u00f3n artesanal impartidos por maestras y maestros artesanos en distintas disciplinas y expresiones propias de la identidad regional.<\/p>\n\n\n\n<p>A estas acciones se suma \u201cFotogramas 2026\u201d, convocatoria enfocada en el impulso a la producci\u00f3n cinematogr\u00e1fica local, dirigida a creadoras y creadores audiovisuales coahuilenses en las categor\u00edas de Creador\/a con Trayectoria y Talento Emergente, con est\u00edmulos econ\u00f3micos que permitir\u00e1n fortalecer proyectos de cortometraje en los g\u00e9neros documental y ficci\u00f3n, consolidando as\u00ed nuevas voces y propuestas dentro del panorama audiovisual del estado.<\/p>\n\n\n\n<p>La secretaria de Cultura, Esther Quintana Salinas, destac\u00f3 el alcance de estas iniciativas: \u201cEn Coahuila entendemos a la cultura como una fuerza transformadora que une comunidades, preserva nuestra memoria colectiva y abre caminos para nuevas expresiones creativas. Estas convocatorias representan una apuesta decidida por el talento de nuestra gente, por nuestras tradiciones y por el desarrollo cultural como una v\u00eda para construir una sociedad m\u00e1s participativa, sensible y con mayores oportunidades para todas y todos\u201d, expres\u00f3.<\/p>\n\n\n\n<p>Asimismo, la funcionaria reconoci\u00f3 el respaldo permanente del gobernador Manolo Jim\u00e9nez Salinas, cuyo compromiso con la cultura ha sido fundamental para consolidar pol\u00edticas p\u00fablicas que fortalecen la creaci\u00f3n art\u00edstica, el acceso a la cultura y la preservaci\u00f3n del patrimonio cultural de Coahuila, impulsando acciones que hoy permiten ampliar horizontes para creadoras, creadores, artesanas, artesanos y promotores culturales de todas las regiones del estado.<\/p>\n","protected":false},"excerpt":{"rendered":"<p>Saltillo, Coahuila; 27 de abril de 2026.-Con el prop\u00f3sito de ampliar las oportunidades de desarrollo art\u00edstico y cultural en todas las regiones del estado, el Gobierno del Estado de Coahuila, a trav\u00e9s de la Secretar\u00eda de Cultura estatal, en coordinaci\u00f3n con la Secretar\u00eda de Cultura del Gobierno de M\u00e9xico, a trav\u00e9s de la Direcci\u00f3n General [&hellip;]<\/p>\n","protected":false},"author":4,"featured_media":25597,"comment_status":"open","ping_status":"open","sticky":false,"template":"","format":"standard","meta":[],"categories":[201],"tags":[],"_links":{"self":[{"href":"https:\/\/alertasaltillo.com\/index.php\/wp-json\/wp\/v2\/posts\/25596"}],"collection":[{"href":"https:\/\/alertasaltillo.com\/index.php\/wp-json\/wp\/v2\/posts"}],"about":[{"href":"https:\/\/alertasaltillo.com\/index.php\/wp-json\/wp\/v2\/types\/post"}],"author":[{"embeddable":true,"href":"https:\/\/alertasaltillo.com\/index.php\/wp-json\/wp\/v2\/users\/4"}],"replies":[{"embeddable":true,"href":"https:\/\/alertasaltillo.com\/index.php\/wp-json\/wp\/v2\/comments?post=25596"}],"version-history":[{"count":1,"href":"https:\/\/alertasaltillo.com\/index.php\/wp-json\/wp\/v2\/posts\/25596\/revisions"}],"predecessor-version":[{"id":25598,"href":"https:\/\/alertasaltillo.com\/index.php\/wp-json\/wp\/v2\/posts\/25596\/revisions\/25598"}],"wp:featuredmedia":[{"embeddable":true,"href":"https:\/\/alertasaltillo.com\/index.php\/wp-json\/wp\/v2\/media\/25597"}],"wp:attachment":[{"href":"https:\/\/alertasaltillo.com\/index.php\/wp-json\/wp\/v2\/media?parent=25596"}],"wp:term":[{"taxonomy":"category","embeddable":true,"href":"https:\/\/alertasaltillo.com\/index.php\/wp-json\/wp\/v2\/categories?post=25596"},{"taxonomy":"post_tag","embeddable":true,"href":"https:\/\/alertasaltillo.com\/index.php\/wp-json\/wp\/v2\/tags?post=25596"}],"curies":[{"name":"wp","href":"https:\/\/api.w.org\/{rel}","templated":true}]}}