{"id":25593,"date":"2026-04-30T12:53:58","date_gmt":"2026-04-30T12:53:58","guid":{"rendered":"https:\/\/alertasaltillo.com\/?p=25593"},"modified":"2026-04-30T12:54:01","modified_gmt":"2026-04-30T12:54:01","slug":"se-realiza-conferencia-consumo-inteligente-de-heineken","status":"publish","type":"post","link":"https:\/\/alertasaltillo.com\/index.php\/2026\/04\/30\/se-realiza-conferencia-consumo-inteligente-de-heineken\/","title":{"rendered":"SE REALIZA CONFERENCIA \u00abCONSUMO INTELIGENTE DE HEINEKEN\u00bb"},"content":{"rendered":"\n<p><em>Alcalde Javier D\u00edaz coment\u00f3 que el objetivo es fortalecer la conciencia entre la juventud acerca del consumo del alcohol<\/em><\/p>\n\n\n\n<p>Saltillo, Coahuila de Zaragoza; 27 de abril de 2026.- Con el prop\u00f3sito de fortalecer la conciencia entre la juventud acerca del consumo del alcohol, el Gobierno Municipal de Saltillo, a trav\u00e9s del Instituto Municipal de la Juventud, en coordinaci\u00f3n con las Comisiones Edilicias de Juventud y de Alcoholes, llev\u00f3 a cabo la conferencia \u201cConsumo Inteligente de Heineken\u201d.<\/p>\n\n\n\n<p>El alcalde de Saltillo, Javier D\u00edaz Gonz\u00e1lez, asisti\u00f3 a la ponencia y destac\u00f3 la importancia de este tipo de mensajes para promover una cultura de responsabilidad y prevenci\u00f3n.<\/p>\n\n\n\n<p>\u201cA trav\u00e9s de estas iniciativas, buscamos brindarles las herramientas, oportunidades y acompa\u00f1amiento que necesitan para tomar mejores decisiones, potenciar su talento y construir un futuro con m\u00e1s posibilidades\u201d, coment\u00f3 el alcalde Javier D\u00edaz.<\/p>\n\n\n\n<p>El Edil agradeci\u00f3 a la empresa Heineken por sumarse a estas iniciativas en pro del bienestar de la juventud saltillense, al resaltarles la importancia del consumo moderado y la prevenci\u00f3n.<\/p>\n\n\n\n<p>Dijo que, con el apoyo del gobernador Manolo Jim\u00e9nez Salinas, seguir\u00e1n implementando pol\u00edticas p\u00fablicas en favor de la juventud, que atiendan sus necesidades, potencien su talento y fortalezcan sus oportunidades.<\/p>\n\n\n\n<p>La regidora presidenta de la Comisi\u00f3n de Juventud, Yajaira Briones Aguilar, agradeci\u00f3 al alcalde Javier D\u00edaz Gonz\u00e1lez por impulsar acciones que impactan en la calidad de vida de la juventud.<\/p>\n\n\n\n<p>\u201cAgradecemos al alcalde Javier D\u00edaz y tambi\u00e9n a la empresa Heineken por ser una empresa socialmente responsable; hoy la juventud va a aprender y adquirir m\u00e1s herramientas que les ayudar\u00e1n a ir forjando su desarrollo\u201d, coment\u00f3 la Regidora.<\/p>\n\n\n\n<p>El director del Instituto Estatal de la Juventud, Iv\u00e1n Terashima Zamora, reiter\u00f3 el compromiso del Gobierno del Estado de Coahuila de seguir trabajando de manera coordinada con la administraci\u00f3n del alcalde Javier D\u00edaz Gonz\u00e1lez para brindar oportunidades a las y los j\u00f3venes.<\/p>\n\n\n\n<p>Por parte de la empresa Heineken, el gerente de Relaciones Institucionales en el Noreste de M\u00e9xico de esta firma, Sergio Valdivia Torres, apunt\u00f3 que la cultura de un consumo responsable se trabaja gracias a un esfuerzo conjunto entre las instancias p\u00fablicas y privadas; por eso agradeci\u00f3 el apoyo de las autoridades locales.<\/p>\n\n\n\n<p>La conferencia \u201cConsumo Inteligente de Heineken\u201d fue impartida por Fabi\u00e1n Alberto R\u00e1bago Garza, y asistieron estudiantes de preparatorias como el Conalep, Cobac, Cecitec, CBTis 97, por mencionar algunas.<\/p>\n\n\n\n<p>Como invitados especiales acudieron Andrea Alejandra Avil\u00e9s Aguirre, regidora presidenta de la Comisi\u00f3n de Alcoholes; Ernesto Siller Torres, director de Desarrollo Social del Municipio; Abraham Ram\u00edrez Espinoza, director del Instituto Municipal de la Juventud; as\u00ed como Lourdes Cristina \u00c1vila Villarreal, gerente de zona norte de Heineken M\u00e9xico.<\/p>\n\n\n\n<p><\/p>\n","protected":false},"excerpt":{"rendered":"<p>Alcalde Javier D\u00edaz coment\u00f3 que el objetivo es fortalecer la conciencia entre la juventud acerca del consumo del alcohol Saltillo, Coahuila de Zaragoza; 27 de abril de 2026.- Con el prop\u00f3sito de fortalecer la conciencia entre la juventud acerca del consumo del alcohol, el Gobierno Municipal de Saltillo, a trav\u00e9s del Instituto Municipal de la [&hellip;]<\/p>\n","protected":false},"author":4,"featured_media":25594,"comment_status":"open","ping_status":"open","sticky":false,"template":"","format":"standard","meta":[],"categories":[5],"tags":[],"_links":{"self":[{"href":"https:\/\/alertasaltillo.com\/index.php\/wp-json\/wp\/v2\/posts\/25593"}],"collection":[{"href":"https:\/\/alertasaltillo.com\/index.php\/wp-json\/wp\/v2\/posts"}],"about":[{"href":"https:\/\/alertasaltillo.com\/index.php\/wp-json\/wp\/v2\/types\/post"}],"author":[{"embeddable":true,"href":"https:\/\/alertasaltillo.com\/index.php\/wp-json\/wp\/v2\/users\/4"}],"replies":[{"embeddable":true,"href":"https:\/\/alertasaltillo.com\/index.php\/wp-json\/wp\/v2\/comments?post=25593"}],"version-history":[{"count":1,"href":"https:\/\/alertasaltillo.com\/index.php\/wp-json\/wp\/v2\/posts\/25593\/revisions"}],"predecessor-version":[{"id":25595,"href":"https:\/\/alertasaltillo.com\/index.php\/wp-json\/wp\/v2\/posts\/25593\/revisions\/25595"}],"wp:featuredmedia":[{"embeddable":true,"href":"https:\/\/alertasaltillo.com\/index.php\/wp-json\/wp\/v2\/media\/25594"}],"wp:attachment":[{"href":"https:\/\/alertasaltillo.com\/index.php\/wp-json\/wp\/v2\/media?parent=25593"}],"wp:term":[{"taxonomy":"category","embeddable":true,"href":"https:\/\/alertasaltillo.com\/index.php\/wp-json\/wp\/v2\/categories?post=25593"},{"taxonomy":"post_tag","embeddable":true,"href":"https:\/\/alertasaltillo.com\/index.php\/wp-json\/wp\/v2\/tags?post=25593"}],"curies":[{"name":"wp","href":"https:\/\/api.w.org\/{rel}","templated":true}]}}