{"id":25587,"date":"2026-04-30T12:49:07","date_gmt":"2026-04-30T12:49:07","guid":{"rendered":"https:\/\/alertasaltillo.com\/?p=25587"},"modified":"2026-04-30T12:49:09","modified_gmt":"2026-04-30T12:49:09","slug":"exito-en-concierto-pedro-y-el-lobo-por-la-orquesta-metropolitana-de-saltillo","status":"publish","type":"post","link":"https:\/\/alertasaltillo.com\/index.php\/2026\/04\/30\/exito-en-concierto-pedro-y-el-lobo-por-la-orquesta-metropolitana-de-saltillo\/","title":{"rendered":"\u00c9XITO EN CONCIERTO \u00abPEDRO Y EL LOBO\u00bb POR LA ORQUESTA METROPOLITANA DE SALTILLO"},"content":{"rendered":"\n<p>Saltillo, Coahuila de Zaragoza; 27 de abril de 2026.- Con gran \u00e9xito se llev\u00f3 a cabo este fin de semana el concierto \u201cPedro y el Lobo\u201d, de Sergu\u00e9i Prok\u00f3fiev, que ofreci\u00f3 el Gobierno Municipal de Saltillo, a trav\u00e9s del Instituto Municipal de Cultura, en el marco del D\u00eda del Ni\u00f1o.<\/p>\n\n\n\n<p>El evento se desarroll\u00f3 en el Teatro del IMSS y cont\u00f3 con la participaci\u00f3n de la Orquesta Metropolitana de Saltillo, bajo la direcci\u00f3n de la maestra Natalia Riatzanova, con la participaci\u00f3n especial del director Eri Luna.<\/p>\n\n\n\n<p>La presentaci\u00f3n incluy\u00f3 una selecci\u00f3n musical, adem\u00e1s de la proyecci\u00f3n del cortometraje animado ganador del \u00d3scar, con m\u00fasica en vivo de la Orquesta Metropolitana de Saltillo.<\/p>\n\n\n\n<p>Pedro y el Lobo es un cuento musical, obra creada por el compositor ruso Sergu\u00e9i Prok\u00f3fiev en el a\u00f1o de 1936.<\/p>\n\n\n\n<p>Quienes asistieron en familia pudieron disfrutar de este concierto que se realiz\u00f3 en el marco del D\u00eda del Ni\u00f1o, como parte de las actividades que realiza el Gobierno Municipal de Saltillo en alusi\u00f3n a esta fecha.<\/p>\n\n\n\n<p>Leticia Rodarte Rangel dio a conocer que este evento forma parte de la cartelera mensual del Instituto Municipal de Cultura, la cual est\u00e1 disponible en la p\u00e1gina de Facebook del IMCS.<\/p>\n\n\n\n<p><\/p>\n","protected":false},"excerpt":{"rendered":"<p>Saltillo, Coahuila de Zaragoza; 27 de abril de 2026.- Con gran \u00e9xito se llev\u00f3 a cabo este fin de semana el concierto \u201cPedro y el Lobo\u201d, de Sergu\u00e9i Prok\u00f3fiev, que ofreci\u00f3 el Gobierno Municipal de Saltillo, a trav\u00e9s del Instituto Municipal de Cultura, en el marco del D\u00eda del Ni\u00f1o. El evento se desarroll\u00f3 en [&hellip;]<\/p>\n","protected":false},"author":4,"featured_media":25588,"comment_status":"open","ping_status":"open","sticky":false,"template":"","format":"standard","meta":[],"categories":[201],"tags":[],"_links":{"self":[{"href":"https:\/\/alertasaltillo.com\/index.php\/wp-json\/wp\/v2\/posts\/25587"}],"collection":[{"href":"https:\/\/alertasaltillo.com\/index.php\/wp-json\/wp\/v2\/posts"}],"about":[{"href":"https:\/\/alertasaltillo.com\/index.php\/wp-json\/wp\/v2\/types\/post"}],"author":[{"embeddable":true,"href":"https:\/\/alertasaltillo.com\/index.php\/wp-json\/wp\/v2\/users\/4"}],"replies":[{"embeddable":true,"href":"https:\/\/alertasaltillo.com\/index.php\/wp-json\/wp\/v2\/comments?post=25587"}],"version-history":[{"count":1,"href":"https:\/\/alertasaltillo.com\/index.php\/wp-json\/wp\/v2\/posts\/25587\/revisions"}],"predecessor-version":[{"id":25589,"href":"https:\/\/alertasaltillo.com\/index.php\/wp-json\/wp\/v2\/posts\/25587\/revisions\/25589"}],"wp:featuredmedia":[{"embeddable":true,"href":"https:\/\/alertasaltillo.com\/index.php\/wp-json\/wp\/v2\/media\/25588"}],"wp:attachment":[{"href":"https:\/\/alertasaltillo.com\/index.php\/wp-json\/wp\/v2\/media?parent=25587"}],"wp:term":[{"taxonomy":"category","embeddable":true,"href":"https:\/\/alertasaltillo.com\/index.php\/wp-json\/wp\/v2\/categories?post=25587"},{"taxonomy":"post_tag","embeddable":true,"href":"https:\/\/alertasaltillo.com\/index.php\/wp-json\/wp\/v2\/tags?post=25587"}],"curies":[{"name":"wp","href":"https:\/\/api.w.org\/{rel}","templated":true}]}}