{"id":25581,"date":"2026-04-29T14:10:26","date_gmt":"2026-04-29T14:10:26","guid":{"rendered":"https:\/\/alertasaltillo.com\/?p=25581"},"modified":"2026-04-29T14:10:29","modified_gmt":"2026-04-29T14:10:29","slug":"festejara-javier-diaz-a-ninas-y-ninos-saltillenses-con-lore-lore-los-chicharrines-y-muchos-mas","status":"publish","type":"post","link":"https:\/\/alertasaltillo.com\/index.php\/2026\/04\/29\/festejara-javier-diaz-a-ninas-y-ninos-saltillenses-con-lore-lore-los-chicharrines-y-muchos-mas\/","title":{"rendered":"FESTEJAR\u00c1 JAVIER D\u00cdAZ A NI\u00d1AS Y NI\u00d1OS SALTILLENSES CON \u00abLORE LORE\u00bb, \u00abLOS CHICHARRINES\u00bb Y MUCHOS M\u00c1S"},"content":{"rendered":"\n<p><em>Estar\u00e1n tambi\u00e9n, los Campa Brothers y el show de Guerreras K-Pop Huntrix<\/em><\/p>\n\n\n\n<p>Saltillo, Coahuila de Zaragoza; 27 de abril de 2026.- El alcalde Javier D\u00edaz Gonz\u00e1lez inform\u00f3 que este mi\u00e9rcoles 29 de abril se llevar\u00e1 a cabo en Saltillo el festejo del D\u00eda de la Ni\u00f1a y el Ni\u00f1o con la presentaci\u00f3n de Lore Lore, Los Chicharrines, los Campa Brothers y el show de Guerreras K-Pop Huntrix.<\/p>\n\n\n\n<p>El gran evento se realizar\u00e1 a partir de las 4:30 de la tarde en el Biblioparque Sur, ubicado en el bulevar Otilio Zurdo Galv\u00e1n #102, en la colonia 26 de Marzo, al sur de la ciudad.<\/p>\n\n\n\n<p>\u201cInvitamos a todas nuestras ni\u00f1as y ni\u00f1os a disfrutar de este festejo que estar\u00e1 lleno de risas, m\u00fasica y baile en un ambiente 100 por ciento familiar y completamente gratuito para todas y todos\u201d, refiri\u00f3 el alcalde de Saltillo.<\/p>\n\n\n\n<p>Javier D\u00edaz mencion\u00f3 que se contar\u00e1 con el apoyo de la Comisar\u00eda de Seguridad y Protecci\u00f3n Ciudadana para brindar seguridad a las y los asistentes, as\u00ed como atenci\u00f3n vial en la zona.<\/p>\n\n\n\n<p><\/p>\n","protected":false},"excerpt":{"rendered":"<p>Estar\u00e1n tambi\u00e9n, los Campa Brothers y el show de Guerreras K-Pop Huntrix Saltillo, Coahuila de Zaragoza; 27 de abril de 2026.- El alcalde Javier D\u00edaz Gonz\u00e1lez inform\u00f3 que este mi\u00e9rcoles 29 de abril se llevar\u00e1 a cabo en Saltillo el festejo del D\u00eda de la Ni\u00f1a y el Ni\u00f1o con la presentaci\u00f3n de Lore Lore, [&hellip;]<\/p>\n","protected":false},"author":4,"featured_media":25582,"comment_status":"open","ping_status":"open","sticky":false,"template":"","format":"standard","meta":[],"categories":[5],"tags":[],"_links":{"self":[{"href":"https:\/\/alertasaltillo.com\/index.php\/wp-json\/wp\/v2\/posts\/25581"}],"collection":[{"href":"https:\/\/alertasaltillo.com\/index.php\/wp-json\/wp\/v2\/posts"}],"about":[{"href":"https:\/\/alertasaltillo.com\/index.php\/wp-json\/wp\/v2\/types\/post"}],"author":[{"embeddable":true,"href":"https:\/\/alertasaltillo.com\/index.php\/wp-json\/wp\/v2\/users\/4"}],"replies":[{"embeddable":true,"href":"https:\/\/alertasaltillo.com\/index.php\/wp-json\/wp\/v2\/comments?post=25581"}],"version-history":[{"count":1,"href":"https:\/\/alertasaltillo.com\/index.php\/wp-json\/wp\/v2\/posts\/25581\/revisions"}],"predecessor-version":[{"id":25583,"href":"https:\/\/alertasaltillo.com\/index.php\/wp-json\/wp\/v2\/posts\/25581\/revisions\/25583"}],"wp:featuredmedia":[{"embeddable":true,"href":"https:\/\/alertasaltillo.com\/index.php\/wp-json\/wp\/v2\/media\/25582"}],"wp:attachment":[{"href":"https:\/\/alertasaltillo.com\/index.php\/wp-json\/wp\/v2\/media?parent=25581"}],"wp:term":[{"taxonomy":"category","embeddable":true,"href":"https:\/\/alertasaltillo.com\/index.php\/wp-json\/wp\/v2\/categories?post=25581"},{"taxonomy":"post_tag","embeddable":true,"href":"https:\/\/alertasaltillo.com\/index.php\/wp-json\/wp\/v2\/tags?post=25581"}],"curies":[{"name":"wp","href":"https:\/\/api.w.org\/{rel}","templated":true}]}}