{"id":25560,"date":"2026-04-27T13:56:33","date_gmt":"2026-04-27T13:56:33","guid":{"rendered":"https:\/\/alertasaltillo.com\/?p=25560"},"modified":"2026-04-27T13:56:35","modified_gmt":"2026-04-27T13:56:35","slug":"identifican-a-responsables-de-ataque-armado-en-el-fraccionamiento-real-del-sol-no-son-de-saltillo","status":"publish","type":"post","link":"https:\/\/alertasaltillo.com\/index.php\/2026\/04\/27\/identifican-a-responsables-de-ataque-armado-en-el-fraccionamiento-real-del-sol-no-son-de-saltillo\/","title":{"rendered":"IDENTIFICAN A RESPONSABLES DE ATAQUE ARMADO EN EL FRACCIONAMIENTO REAL DEL SOL; NO SON DE SALTILLO"},"content":{"rendered":"\n<h2>Realizaron al menos nueve disparos contra la fachada del inmueble<\/h2>\n\n\n\n<p>Un grupo de sujetos armados dispar\u00f3 contra una vivienda en el fraccionamiento Real del Sol el pasado s\u00e1bado 25 de abril.&nbsp;<strong><a rel=\"noreferrer noopener\" href=\"https:\/\/vanguardia.com.mx\/coahuila\/saltillo\/saltillo-rafaguean-domicilio-en-real-del-sol-y-huyen-en-camioneta-AH20271515\" target=\"_blank\">El ataque ocurri\u00f3 poco antes de las 22:00 horas<\/a><\/strong>&nbsp;sobre la calle Astro Rey, lo que gener\u00f3 una intensa movilizaci\u00f3n policial.<\/p>\n\n\n\n<p>Los agresores, quienes viajaban en una camioneta Honda Odyssey, realizaron al menos nueve disparos contra la fachada del inmueble. A pesar de que la familia se encontraba dentro de la vivienda, no se reportaron personas lesionadas.<\/p>\n\n\n\n<p>Sobre los avances del caso, el comisionado de Seguridad y Protecci\u00f3n Ciudadana, Miguel \u00c1ngel Garza F\u00e9lix, confirm\u00f3 que ya existe una l\u00ednea de investigaci\u00f3n clara. \u201cS\u00ed, ya traemos ah\u00ed. La investigaci\u00f3n fue un tema, un conflicto personal\u201d, se\u00f1al\u00f3.<\/p>\n\n\n\n<p>El funcionario destac\u00f3 que, gracias a las c\u00e1maras de vigilancia, se obtuvo informaci\u00f3n relevante sobre los atacantes. \u201cYa los tenemos ubicados; son personas que no son de aqu\u00ed de Saltillo\u201d, explic\u00f3.<\/p>\n\n\n\n<p>Garza F\u00e9lix prefiri\u00f3 mantener reserva sobre los datos espec\u00edficos de los sospechosos para no comprometer el proceso legal. \u201cNo quisiera dar pormenores para no entorpecer la investigaci\u00f3n\u201d, puntualiz\u00f3 ante los cuestionamientos de la prensa.<\/p>\n\n\n\n<p>Con Informaci\u00f3n Tomada de VANGUARDIA<\/p>\n","protected":false},"excerpt":{"rendered":"<p>Realizaron al menos nueve disparos contra la fachada del inmueble Un grupo de sujetos armados dispar\u00f3 contra una vivienda en el fraccionamiento Real del Sol el pasado s\u00e1bado 25 de abril.&nbsp;El ataque ocurri\u00f3 poco antes de las 22:00 horas&nbsp;sobre la calle Astro Rey, lo que gener\u00f3 una intensa movilizaci\u00f3n policial. Los agresores, quienes viajaban en [&hellip;]<\/p>\n","protected":false},"author":4,"featured_media":25561,"comment_status":"open","ping_status":"open","sticky":false,"template":"","format":"standard","meta":[],"categories":[199],"tags":[],"_links":{"self":[{"href":"https:\/\/alertasaltillo.com\/index.php\/wp-json\/wp\/v2\/posts\/25560"}],"collection":[{"href":"https:\/\/alertasaltillo.com\/index.php\/wp-json\/wp\/v2\/posts"}],"about":[{"href":"https:\/\/alertasaltillo.com\/index.php\/wp-json\/wp\/v2\/types\/post"}],"author":[{"embeddable":true,"href":"https:\/\/alertasaltillo.com\/index.php\/wp-json\/wp\/v2\/users\/4"}],"replies":[{"embeddable":true,"href":"https:\/\/alertasaltillo.com\/index.php\/wp-json\/wp\/v2\/comments?post=25560"}],"version-history":[{"count":1,"href":"https:\/\/alertasaltillo.com\/index.php\/wp-json\/wp\/v2\/posts\/25560\/revisions"}],"predecessor-version":[{"id":25562,"href":"https:\/\/alertasaltillo.com\/index.php\/wp-json\/wp\/v2\/posts\/25560\/revisions\/25562"}],"wp:featuredmedia":[{"embeddable":true,"href":"https:\/\/alertasaltillo.com\/index.php\/wp-json\/wp\/v2\/media\/25561"}],"wp:attachment":[{"href":"https:\/\/alertasaltillo.com\/index.php\/wp-json\/wp\/v2\/media?parent=25560"}],"wp:term":[{"taxonomy":"category","embeddable":true,"href":"https:\/\/alertasaltillo.com\/index.php\/wp-json\/wp\/v2\/categories?post=25560"},{"taxonomy":"post_tag","embeddable":true,"href":"https:\/\/alertasaltillo.com\/index.php\/wp-json\/wp\/v2\/tags?post=25560"}],"curies":[{"name":"wp","href":"https:\/\/api.w.org\/{rel}","templated":true}]}}