{"id":25554,"date":"2026-04-27T13:51:14","date_gmt":"2026-04-27T13:51:14","guid":{"rendered":"https:\/\/alertasaltillo.com\/?p=25554"},"modified":"2026-04-27T13:51:17","modified_gmt":"2026-04-27T13:51:17","slug":"termina-tragedia-en-mina-de-sinaloa-hallan-sin-vida-al-ultimo-trabajador-atrapado-tras-33-dias","status":"publish","type":"post","link":"https:\/\/alertasaltillo.com\/index.php\/2026\/04\/27\/termina-tragedia-en-mina-de-sinaloa-hallan-sin-vida-al-ultimo-trabajador-atrapado-tras-33-dias\/","title":{"rendered":"TERMINA TRAGEDIA EN MINA DE SINALOA: HALLAN SIN VIDA AL \u00daLTIMO TRABAJADOR ATRAPADO TRAS 33 D\u00cdAS"},"content":{"rendered":"\n<p>A trav\u00e9s de la&nbsp;Coordinaci\u00f3n Nacional de Protecci\u00f3n Civil, se inform\u00f3 que el \u00faltimo trabajador atrapado en la Mina Santa Fe en Sinaloa<\/p>\n\n\n\n<p><\/p>\n\n\n\n<p>A trav\u00e9s de la&nbsp;<strong>Coordinaci\u00f3n Nacional de Protecci\u00f3n Civil<\/strong>, se inform\u00f3 que el \u00faltimo trabajador atrapado en la Mina Santa Fe en&nbsp;<strong>Sinaloa<\/strong>, fue encontrado sin vida tras los m\u00faltiples intentos por sacarlo del lugar en el que se encontraba.&nbsp;<\/p>\n\n\n\n<p>Se indic\u00f3 que durante esta ma\u00f1ana se realizar\u00e1n los trabajos correspondientes para subirlo a la superficie y realizar los peritajes correspondientes.<\/p>\n\n\n\n<blockquote class=\"wp-block-quote\">\n<p>\u00abEl Comando Unificado que encabeza las labores de b\u00fasqueda en la mina Santa Fe, ubicada en el municipio de El Rosario, Sinaloa, informa que el d\u00eda de hoy 2:15 hora del Pac\u00edfico (3:15 hora del centro) fue localizado sin vida el minero Leandro Isidro Beltr\u00e1n Res\u00e9ndiz, de 54 a\u00f1os y originario de Zimap\u00e1n, Hidalgo. El hallazgo ocurre despu\u00e9s de 33 d\u00edas (783 hrs) de operaciones ininterrumpidas por el accidente registrado en el yacimiento el pasado 25 de marzo\u00bb.<\/p>\n<\/blockquote>\n\n\n\n<p>Se inform\u00f3 que se \u00abha dado aviso a la\u00a0<strong>Fiscal\u00eda General del Estado de Sinaloa\u00a0<\/strong>para iniciar los protocolos de recuperaci\u00f3n. En el sitio, los equipos especializados de b\u00fasqueda esperan a los peritos estatales para llevar a cabo el proceso, de acuerdo con los procedimientos t\u00e9cnico-jur\u00eddicos requeridos\u00bb.<\/p>\n\n\n\n<p>Con Informaci\u00f3n Tomada de EL HERALDO DE M\u00c9XICO<\/p>\n","protected":false},"excerpt":{"rendered":"<p>A trav\u00e9s de la&nbsp;Coordinaci\u00f3n Nacional de Protecci\u00f3n Civil, se inform\u00f3 que el \u00faltimo trabajador atrapado en la Mina Santa Fe en Sinaloa A trav\u00e9s de la&nbsp;Coordinaci\u00f3n Nacional de Protecci\u00f3n Civil, se inform\u00f3 que el \u00faltimo trabajador atrapado en la Mina Santa Fe en&nbsp;Sinaloa, fue encontrado sin vida tras los m\u00faltiples intentos por sacarlo del lugar [&hellip;]<\/p>\n","protected":false},"author":4,"featured_media":25555,"comment_status":"open","ping_status":"open","sticky":false,"template":"","format":"standard","meta":[],"categories":[185],"tags":[],"_links":{"self":[{"href":"https:\/\/alertasaltillo.com\/index.php\/wp-json\/wp\/v2\/posts\/25554"}],"collection":[{"href":"https:\/\/alertasaltillo.com\/index.php\/wp-json\/wp\/v2\/posts"}],"about":[{"href":"https:\/\/alertasaltillo.com\/index.php\/wp-json\/wp\/v2\/types\/post"}],"author":[{"embeddable":true,"href":"https:\/\/alertasaltillo.com\/index.php\/wp-json\/wp\/v2\/users\/4"}],"replies":[{"embeddable":true,"href":"https:\/\/alertasaltillo.com\/index.php\/wp-json\/wp\/v2\/comments?post=25554"}],"version-history":[{"count":1,"href":"https:\/\/alertasaltillo.com\/index.php\/wp-json\/wp\/v2\/posts\/25554\/revisions"}],"predecessor-version":[{"id":25556,"href":"https:\/\/alertasaltillo.com\/index.php\/wp-json\/wp\/v2\/posts\/25554\/revisions\/25556"}],"wp:featuredmedia":[{"embeddable":true,"href":"https:\/\/alertasaltillo.com\/index.php\/wp-json\/wp\/v2\/media\/25555"}],"wp:attachment":[{"href":"https:\/\/alertasaltillo.com\/index.php\/wp-json\/wp\/v2\/media?parent=25554"}],"wp:term":[{"taxonomy":"category","embeddable":true,"href":"https:\/\/alertasaltillo.com\/index.php\/wp-json\/wp\/v2\/categories?post=25554"},{"taxonomy":"post_tag","embeddable":true,"href":"https:\/\/alertasaltillo.com\/index.php\/wp-json\/wp\/v2\/tags?post=25554"}],"curies":[{"name":"wp","href":"https:\/\/api.w.org\/{rel}","templated":true}]}}