{"id":25545,"date":"2026-04-26T14:48:40","date_gmt":"2026-04-26T14:48:40","guid":{"rendered":"https:\/\/alertasaltillo.com\/?p=25545"},"modified":"2026-04-26T14:48:42","modified_gmt":"2026-04-26T14:48:42","slug":"continua-imjuve-brindando-programa-fiesta-segura","status":"publish","type":"post","link":"https:\/\/alertasaltillo.com\/index.php\/2026\/04\/26\/continua-imjuve-brindando-programa-fiesta-segura\/","title":{"rendered":"CONTIN\u00daA IMJUVE BRINDANDO PROGRAMA \u00abFIESTA SEGURA\u00bb"},"content":{"rendered":"\n<p><\/p>\n\n\n\n<p><em>El prop\u00f3sito es promover entre la juventud espacios de convivencia sanos y seguros<\/em><\/p>\n\n\n\n<p>Saltillo, Coahuila de Zaragoza; 25 de abril de 2026.- Con el objetivo de promover espacios de convivencia sanos y seguros para la juventud, por instrucci\u00f3n del alcalde Javier D\u00edaz Gonz\u00e1lez, el Instituto Municipal de la Juventud en Saltillo ofreci\u00f3 de nueva cuenta el curso-taller \u201cFiesta Segura\u201d.<\/p>\n\n\n\n<p>El director del Instituto Municipal de la Juventud, Abraham Ram\u00edrez Espinoza, dio a conocer que la capacitaci\u00f3n fue posible con el apoyo del Instituto Coahuilense de la Juventud, la Cruz Roja Mexicana delegaci\u00f3n Saltillo y de la Comisar\u00eda de Seguridad y Protecci\u00f3n Ciudadana.<\/p>\n\n\n\n<p>\u201cCon el apoyo de diferentes instituciones seguimos ofreciendo esta capacitaci\u00f3n en establecimientos de la ciudad con el fin de brindar a la juventud espacios seguros para una sana diversi\u00f3n y vamos a continuar con estas actividades\u201d, apunt\u00f3 Ram\u00edrez Espinoza.<\/p>\n\n\n\n<p>En esta ocasi\u00f3n, a la capacitaci\u00f3n asisti\u00f3 personal de Il Mercato, as\u00ed como j\u00f3venes de diferentes sectores de la ciudad, quienes se mostraron interesados en reforzar la cultura de la prevenci\u00f3n y la responsabilidad.<\/p>\n\n\n\n<p>Durante esta capacitaci\u00f3n se cont\u00f3 con el apoyo de elementos de seguridad p\u00fablica y cuerpos de emergencia, quienes brindaron acompa\u00f1amiento, as\u00ed como orientaci\u00f3n a quienes asistieron a la actividad.<\/p>\n\n\n\n<p>Asimismo, se realizaron talleres interactivos de concientizaci\u00f3n para promover el consumo responsable y la importancia de abstenerse de manejar en estado de ebriedad.<\/p>\n\n\n\n<p>El director del Instituto Municipal de la Juventud reiter\u00f3 que dar\u00e1n continuidad a todos los programas encaminados a apoyar en su desarrollo y seguridad a este sector de la poblaci\u00f3n.<\/p>\n","protected":false},"excerpt":{"rendered":"<p>El prop\u00f3sito es promover entre la juventud espacios de convivencia sanos y seguros Saltillo, Coahuila de Zaragoza; 25 de abril de 2026.- Con el objetivo de promover espacios de convivencia sanos y seguros para la juventud, por instrucci\u00f3n del alcalde Javier D\u00edaz Gonz\u00e1lez, el Instituto Municipal de la Juventud en Saltillo ofreci\u00f3 de nueva cuenta [&hellip;]<\/p>\n","protected":false},"author":4,"featured_media":25546,"comment_status":"open","ping_status":"open","sticky":false,"template":"","format":"standard","meta":[],"categories":[5],"tags":[],"_links":{"self":[{"href":"https:\/\/alertasaltillo.com\/index.php\/wp-json\/wp\/v2\/posts\/25545"}],"collection":[{"href":"https:\/\/alertasaltillo.com\/index.php\/wp-json\/wp\/v2\/posts"}],"about":[{"href":"https:\/\/alertasaltillo.com\/index.php\/wp-json\/wp\/v2\/types\/post"}],"author":[{"embeddable":true,"href":"https:\/\/alertasaltillo.com\/index.php\/wp-json\/wp\/v2\/users\/4"}],"replies":[{"embeddable":true,"href":"https:\/\/alertasaltillo.com\/index.php\/wp-json\/wp\/v2\/comments?post=25545"}],"version-history":[{"count":1,"href":"https:\/\/alertasaltillo.com\/index.php\/wp-json\/wp\/v2\/posts\/25545\/revisions"}],"predecessor-version":[{"id":25547,"href":"https:\/\/alertasaltillo.com\/index.php\/wp-json\/wp\/v2\/posts\/25545\/revisions\/25547"}],"wp:featuredmedia":[{"embeddable":true,"href":"https:\/\/alertasaltillo.com\/index.php\/wp-json\/wp\/v2\/media\/25546"}],"wp:attachment":[{"href":"https:\/\/alertasaltillo.com\/index.php\/wp-json\/wp\/v2\/media?parent=25545"}],"wp:term":[{"taxonomy":"category","embeddable":true,"href":"https:\/\/alertasaltillo.com\/index.php\/wp-json\/wp\/v2\/categories?post=25545"},{"taxonomy":"post_tag","embeddable":true,"href":"https:\/\/alertasaltillo.com\/index.php\/wp-json\/wp\/v2\/tags?post=25545"}],"curies":[{"name":"wp","href":"https:\/\/api.w.org\/{rel}","templated":true}]}}