{"id":25536,"date":"2026-04-26T14:38:04","date_gmt":"2026-04-26T14:38:04","guid":{"rendered":"https:\/\/alertasaltillo.com\/?p=25536"},"modified":"2026-04-26T14:38:07","modified_gmt":"2026-04-26T14:38:07","slug":"cierra-el-30-de-abril-convocatoria-para-academia-de-policia-de-saltillo","status":"publish","type":"post","link":"https:\/\/alertasaltillo.com\/index.php\/2026\/04\/26\/cierra-el-30-de-abril-convocatoria-para-academia-de-policia-de-saltillo\/","title":{"rendered":"CIERRA EL 30 DE ABRIL CONVOCATORIA PARA ACADEMIA DE POLIC\u00cdA DE SALTILLO"},"content":{"rendered":"\n<p><em>Invitan a mujeres y hombres a participar y pertenecer a una de las dos polic\u00edas m\u00e1s efectivas y confiables de M\u00e9xico<\/em><\/p>\n\n\n\n<p>Saltillo, Coahuila de Zaragoza; 25 de abril de 2026.- La Comisar\u00eda de Seguridad y Protecci\u00f3n Ciudadana de Saltillo inform\u00f3 que el pr\u00f3ximo 30 de abril ser\u00e1 el cierre de la convocatoria de la Academia de Polic\u00eda de Saltillo, para la segunda generaci\u00f3n de 2026.<\/p>\n\n\n\n<p>Diana Olivia Estrada Hern\u00e1ndez, directora de la Academia de Polic\u00eda de Saltillo, invit\u00f3 a las y los interesados a entregar su documentaci\u00f3n y pertenecer a una de las dos polic\u00edas m\u00e1s efectivas y confiables del pa\u00eds, de acuerdo con el INEGI.<\/p>\n\n\n\n<p>\u201cPara nuestro alcalde Javier D\u00edaz Gonz\u00e1lez la seguridad es la prioridad de prioridades, por lo cual, el comisionado Miguel Garza F\u00e9lix nos ha instruido a trabajar permanentemente en la formaci\u00f3n de quienes se sumar\u00e1n a la academia\u201d.<\/p>\n\n\n\n<p>\u201cLa Polic\u00eda Municipal de Saltillo es una de las polic\u00edas m\u00e1s efectivas y confiables de M\u00e9xico, por eso invito a las y los interesados a no dejar pasar la oportunidad de formar parte de esta corporaci\u00f3n y entregar su documentaci\u00f3n en tiempo y forma\u201d, agreg\u00f3 Estrada Hern\u00e1ndez.<\/p>\n\n\n\n<p>Quienes entreguen papeler\u00eda despu\u00e9s del 30 de abril pasar\u00e1n a ser candidatos de la primera generaci\u00f3n de 2027.<\/p>\n\n\n\n<p>La Academia de Saltillo trabaja bajo un modelo de internamiento de seis meses, tiempo en el que las y los cadetes reciben una formaci\u00f3n te\u00f3rica-pr\u00e1ctica con un enfoque de proximidad social, en el que se prioriza el trabajo coordinado entre los tres \u00f3rdenes de gobierno y la ciudadan\u00eda.<\/p>\n\n\n\n<p>Durante 2025 se sumaron 100 polic\u00edas; 51 mujeres y 49 hombres, quienes llegaron a reforzar el estado de fuerza de la Polic\u00eda Municipal de Saltillo.<\/p>\n\n\n\n<p>Las personas interesadas en ingresar a la segunda generaci\u00f3n de este 2026 pueden conocer las bases de la convocatoria a trav\u00e9s de la l\u00ednea telef\u00f3nica 844-402-09-71 o v\u00eda WhatsApp al 844 100 9434, con la Academia de la Polic\u00eda de Saltillo.<\/p>\n\n\n\n<p><\/p>\n","protected":false},"excerpt":{"rendered":"<p>Invitan a mujeres y hombres a participar y pertenecer a una de las dos polic\u00edas m\u00e1s efectivas y confiables de M\u00e9xico Saltillo, Coahuila de Zaragoza; 25 de abril de 2026.- La Comisar\u00eda de Seguridad y Protecci\u00f3n Ciudadana de Saltillo inform\u00f3 que el pr\u00f3ximo 30 de abril ser\u00e1 el cierre de la convocatoria de la Academia [&hellip;]<\/p>\n","protected":false},"author":4,"featured_media":25537,"comment_status":"open","ping_status":"open","sticky":false,"template":"","format":"standard","meta":[],"categories":[205],"tags":[],"_links":{"self":[{"href":"https:\/\/alertasaltillo.com\/index.php\/wp-json\/wp\/v2\/posts\/25536"}],"collection":[{"href":"https:\/\/alertasaltillo.com\/index.php\/wp-json\/wp\/v2\/posts"}],"about":[{"href":"https:\/\/alertasaltillo.com\/index.php\/wp-json\/wp\/v2\/types\/post"}],"author":[{"embeddable":true,"href":"https:\/\/alertasaltillo.com\/index.php\/wp-json\/wp\/v2\/users\/4"}],"replies":[{"embeddable":true,"href":"https:\/\/alertasaltillo.com\/index.php\/wp-json\/wp\/v2\/comments?post=25536"}],"version-history":[{"count":1,"href":"https:\/\/alertasaltillo.com\/index.php\/wp-json\/wp\/v2\/posts\/25536\/revisions"}],"predecessor-version":[{"id":25538,"href":"https:\/\/alertasaltillo.com\/index.php\/wp-json\/wp\/v2\/posts\/25536\/revisions\/25538"}],"wp:featuredmedia":[{"embeddable":true,"href":"https:\/\/alertasaltillo.com\/index.php\/wp-json\/wp\/v2\/media\/25537"}],"wp:attachment":[{"href":"https:\/\/alertasaltillo.com\/index.php\/wp-json\/wp\/v2\/media?parent=25536"}],"wp:term":[{"taxonomy":"category","embeddable":true,"href":"https:\/\/alertasaltillo.com\/index.php\/wp-json\/wp\/v2\/categories?post=25536"},{"taxonomy":"post_tag","embeddable":true,"href":"https:\/\/alertasaltillo.com\/index.php\/wp-json\/wp\/v2\/tags?post=25536"}],"curies":[{"name":"wp","href":"https:\/\/api.w.org\/{rel}","templated":true}]}}