{"id":25533,"date":"2026-04-26T14:36:33","date_gmt":"2026-04-26T14:36:33","guid":{"rendered":"https:\/\/alertasaltillo.com\/?p=25533"},"modified":"2026-04-26T14:36:35","modified_gmt":"2026-04-26T14:36:35","slug":"aseguran-trailer-con-alcohol-ilegal-en-ejido-al-sur-de-saltillo-hay-un-detenido","status":"publish","type":"post","link":"https:\/\/alertasaltillo.com\/index.php\/2026\/04\/26\/aseguran-trailer-con-alcohol-ilegal-en-ejido-al-sur-de-saltillo-hay-un-detenido\/","title":{"rendered":"ASEGURAN TR\u00c1ILER CON ALCOHOL ILEGAL EN EJIDO AL SUR DE SALTILLO; HAY UN DETENIDO"},"content":{"rendered":"\n<h2>Autoridades federales interceptaron un tractocami\u00f3n que transportaba bebidas alcoh\u00f3licas sin documentaci\u00f3n legal sobre la carretera federal 54<\/h2>\n\n\n\n<p><\/p>\n\n\n\n<p>Un importante cargamento de bebidas alcoh\u00f3licas de presunta procedencia il\u00edcita fue decomisado por autoridades federales en el ejido Las Colonias, al sur de&nbsp;<strong><a rel=\"noreferrer noopener\" href=\"https:\/\/saltillo.gob.mx\/\" target=\"_blank\">Saltillo<\/a><\/strong>, operativo que adem\u00e1s dej\u00f3 como saldo la detenci\u00f3n del chofer de la pesada unidad.<\/p>\n\n\n\n<p>La movilizaci\u00f3n fue encabezada por elementos de la Polic\u00eda Federal Ministerial, adscritos a la Agencia de Investigaci\u00f3n Criminal de la Fiscal\u00eda General de la Rep\u00fablica, quienes implementaron labores de inspecci\u00f3n y vigilancia sobre la carretera federal 54, donde lograron interceptar un tractocami\u00f3n sospechoso.<\/p>\n\n\n\n<p>Seg\u00fan los primeros informes, la unidad de carga hab\u00eda salido del estado de Guanajuato y ten\u00eda como destino final la ciudad fronteriza de Nuevo Laredo; sin embargo, durante una revisi\u00f3n preventiva, los agentes federales detectaron que en el interior de la caja seca eran transportadas diversas bebidas alcoh\u00f3lica.<\/p>\n\n\n\n<p>En el sitio tambi\u00e9n fue detenido el conductor de la unidad, un hombre originario del estado de Jalisco, quien qued\u00f3 a disposici\u00f3n del Ministerio P\u00fablico Federal para el inicio de las investigaciones y la definici\u00f3n de su situaci\u00f3n jur\u00eddica en las pr\u00f3ximas horas.<\/p>\n\n\n\n<p>Con Informaci\u00f3n Tomada de VANGUARDIA<\/p>\n","protected":false},"excerpt":{"rendered":"<p>Autoridades federales interceptaron un tractocami\u00f3n que transportaba bebidas alcoh\u00f3licas sin documentaci\u00f3n legal sobre la carretera federal 54 Un importante cargamento de bebidas alcoh\u00f3licas de presunta procedencia il\u00edcita fue decomisado por autoridades federales en el ejido Las Colonias, al sur de&nbsp;Saltillo, operativo que adem\u00e1s dej\u00f3 como saldo la detenci\u00f3n del chofer de la pesada unidad. La [&hellip;]<\/p>\n","protected":false},"author":4,"featured_media":25534,"comment_status":"open","ping_status":"open","sticky":false,"template":"","format":"standard","meta":[],"categories":[199],"tags":[],"_links":{"self":[{"href":"https:\/\/alertasaltillo.com\/index.php\/wp-json\/wp\/v2\/posts\/25533"}],"collection":[{"href":"https:\/\/alertasaltillo.com\/index.php\/wp-json\/wp\/v2\/posts"}],"about":[{"href":"https:\/\/alertasaltillo.com\/index.php\/wp-json\/wp\/v2\/types\/post"}],"author":[{"embeddable":true,"href":"https:\/\/alertasaltillo.com\/index.php\/wp-json\/wp\/v2\/users\/4"}],"replies":[{"embeddable":true,"href":"https:\/\/alertasaltillo.com\/index.php\/wp-json\/wp\/v2\/comments?post=25533"}],"version-history":[{"count":1,"href":"https:\/\/alertasaltillo.com\/index.php\/wp-json\/wp\/v2\/posts\/25533\/revisions"}],"predecessor-version":[{"id":25535,"href":"https:\/\/alertasaltillo.com\/index.php\/wp-json\/wp\/v2\/posts\/25533\/revisions\/25535"}],"wp:featuredmedia":[{"embeddable":true,"href":"https:\/\/alertasaltillo.com\/index.php\/wp-json\/wp\/v2\/media\/25534"}],"wp:attachment":[{"href":"https:\/\/alertasaltillo.com\/index.php\/wp-json\/wp\/v2\/media?parent=25533"}],"wp:term":[{"taxonomy":"category","embeddable":true,"href":"https:\/\/alertasaltillo.com\/index.php\/wp-json\/wp\/v2\/categories?post=25533"},{"taxonomy":"post_tag","embeddable":true,"href":"https:\/\/alertasaltillo.com\/index.php\/wp-json\/wp\/v2\/tags?post=25533"}],"curies":[{"name":"wp","href":"https:\/\/api.w.org\/{rel}","templated":true}]}}