{"id":25515,"date":"2026-04-26T14:12:38","date_gmt":"2026-04-26T14:12:38","guid":{"rendered":"https:\/\/alertasaltillo.com\/?p=25515"},"modified":"2026-04-26T14:12:41","modified_gmt":"2026-04-26T14:12:41","slug":"sube-a-13-la-lista-de-muertos-por-ataque-con-explosivos-tras-oleada-violenta-en-suroeste-de-colombia","status":"publish","type":"post","link":"https:\/\/alertasaltillo.com\/index.php\/2026\/04\/26\/sube-a-13-la-lista-de-muertos-por-ataque-con-explosivos-tras-oleada-violenta-en-suroeste-de-colombia\/","title":{"rendered":"SUBE A 13 LA LISTA DE MUERTOS POR ATAQUE CON EXPLOSIVOS TRAS OLEADA VIOLENTA EN SUROESTE DE COLOMBIA"},"content":{"rendered":"\n<p>A&nbsp;<strong>13 se elev\u00f3 el n\u00famero de personas fallecidas y 38 las heridas tras un ataque con un artefacto explosivo&nbsp;<\/strong>que deton\u00f3 el s\u00e1bado al paso de bus en una carretera del suroeste de Colombia, en medio de una escalada de violencia en las \u00faltimas horas en esa zona del pa\u00eds, informaron las autoridades.<\/p>\n\n\n\n<p>Inicialmente, el Gobernador del Cauca, Octavio Guzm\u00e1n, comunic\u00f3 en su cuenta de X que el artefacto fue activado en la v\u00eda Panamericana en el sector de El T\u00fanel en Cajib\u00edo, con un saldo preliminar de&nbsp;<strong><em>\u201csiete civiles muertos y m\u00e1s de 17 heridos\u201d<\/em><\/strong>. Horas m\u00e1s tarde, la secretaria de Salud del Cauca, Carolina Camargo, actualiz\u00f3 la cifra a 12 fallecidos en el lugar del atentado y una en un hospital cuando era atendida.<\/p>\n\n\n\n<p>En declaraciones a Noticias Caracol, Camargo precis\u00f3 que entre los heridos, cinco son menores de edad.<\/p>\n\n\n\n<p>En rueda de prensa, el general Hugo L\u00f3pez, comandante de las Fuerzas Armadas, calific\u00f3 al hecho como una<em><strong>&nbsp;\u201cacci\u00f3n terrorista\u201d&nbsp;<\/strong><\/em>que adjudic\u00f3 a las estructuras de alias \u201c&nbsp;Iv\u00e1n Mordisco&nbsp;\u201d \u2014uno de los m\u00e1s buscados de Colombia\u2014 y de la facci\u00f3n Jaime Mart\u00ednez, de las disidencias de las&nbsp;<strong>desaparecidas Fuerzas Armadas Revolucionarias de Colombia (FARC)<\/strong>&nbsp;que operan en esa regi\u00f3n y que no se acogieron al acuerdo de paz firmado con el Estado en 2016. Precis\u00f3 que al menos 15 veh\u00edculos fueron afectados por la explosi\u00f3n.<\/p>\n\n\n\n<p><strong><em>\u201cQuiero la m\u00e1xima persecuci\u00f3n mundial contra este grupo narcoterrorista\u201d,<\/em><\/strong>\u00a0escribi\u00f3 el presidente Gustavo Petro, en su primera reacci\u00f3n tras el atentado. A\u00f1adi\u00f3 que se dispondr\u00e1 a\u00a0<em><strong>\u201clos mejores soldados para enfrentarlos\u201d\u00a0<\/strong><\/em>y pidi\u00f3 a la unidad de an\u00e1lisis financiero colombiana actuar sobre sus finanzas.<\/p>\n\n\n\n<p>Con Informaci\u00f3n Tomada de EL DIARIO DE COAHUILA<\/p>\n","protected":false},"excerpt":{"rendered":"<p>A&nbsp;13 se elev\u00f3 el n\u00famero de personas fallecidas y 38 las heridas tras un ataque con un artefacto explosivo&nbsp;que deton\u00f3 el s\u00e1bado al paso de bus en una carretera del suroeste de Colombia, en medio de una escalada de violencia en las \u00faltimas horas en esa zona del pa\u00eds, informaron las autoridades. Inicialmente, el Gobernador [&hellip;]<\/p>\n","protected":false},"author":4,"featured_media":25516,"comment_status":"open","ping_status":"open","sticky":false,"template":"","format":"standard","meta":[],"categories":[186],"tags":[],"_links":{"self":[{"href":"https:\/\/alertasaltillo.com\/index.php\/wp-json\/wp\/v2\/posts\/25515"}],"collection":[{"href":"https:\/\/alertasaltillo.com\/index.php\/wp-json\/wp\/v2\/posts"}],"about":[{"href":"https:\/\/alertasaltillo.com\/index.php\/wp-json\/wp\/v2\/types\/post"}],"author":[{"embeddable":true,"href":"https:\/\/alertasaltillo.com\/index.php\/wp-json\/wp\/v2\/users\/4"}],"replies":[{"embeddable":true,"href":"https:\/\/alertasaltillo.com\/index.php\/wp-json\/wp\/v2\/comments?post=25515"}],"version-history":[{"count":1,"href":"https:\/\/alertasaltillo.com\/index.php\/wp-json\/wp\/v2\/posts\/25515\/revisions"}],"predecessor-version":[{"id":25517,"href":"https:\/\/alertasaltillo.com\/index.php\/wp-json\/wp\/v2\/posts\/25515\/revisions\/25517"}],"wp:featuredmedia":[{"embeddable":true,"href":"https:\/\/alertasaltillo.com\/index.php\/wp-json\/wp\/v2\/media\/25516"}],"wp:attachment":[{"href":"https:\/\/alertasaltillo.com\/index.php\/wp-json\/wp\/v2\/media?parent=25515"}],"wp:term":[{"taxonomy":"category","embeddable":true,"href":"https:\/\/alertasaltillo.com\/index.php\/wp-json\/wp\/v2\/categories?post=25515"},{"taxonomy":"post_tag","embeddable":true,"href":"https:\/\/alertasaltillo.com\/index.php\/wp-json\/wp\/v2\/tags?post=25515"}],"curies":[{"name":"wp","href":"https:\/\/api.w.org\/{rel}","templated":true}]}}