{"id":25512,"date":"2026-04-26T14:08:34","date_gmt":"2026-04-26T14:08:34","guid":{"rendered":"https:\/\/alertasaltillo.com\/?p=25512"},"modified":"2026-04-26T14:08:37","modified_gmt":"2026-04-26T14:08:37","slug":"saltillo-se-consolida-como-la-capital-mas-segura-de-mexico-de-acuerdo-al-inegi","status":"publish","type":"post","link":"https:\/\/alertasaltillo.com\/index.php\/2026\/04\/26\/saltillo-se-consolida-como-la-capital-mas-segura-de-mexico-de-acuerdo-al-inegi\/","title":{"rendered":"SALTILLO SE CONSOLIDA COMO LA CAPITAL M\u00c1S SEGURA DE M\u00c9XICO, DE ACUERDO AL INEGI"},"content":{"rendered":"\n<p><em>La capital de Coahuila tiene a la segunda polic\u00eda m\u00e1s efectiva, a la segunda m\u00e1s confiable y es la tercera ciudad del pa\u00eds mejor calificada en eficiencia gubernamental<\/em><\/p>\n\n\n\n<p>Saltillo, Coahuila de Zaragoza; 24 de abril de 2026.- El alcalde Javier D\u00edaz Gonz\u00e1lez destac\u00f3 que gracias al equipo con la ciudadan\u00eda, el Gobernador Manolo Jim\u00e9nez y los tres \u00f3rdenes de gobierno, Saltillo se ubic\u00f3 por quinto trimestre consecutivo como la capital m\u00e1s segura del pa\u00eds, de acuerdo al INEGI.<\/p>\n\n\n\n<p>Adem\u00e1s, resalt\u00f3 que con base en la m\u00e1s reciente Encuesta Nacional de Seguridad P\u00fablica Urbana realizada por la instituci\u00f3n, la percepci\u00f3n de seguridad p\u00fablica mejor\u00f3 11.4 puntos porcentuales, al&nbsp;pasar de 71.9 por ciento de saltillenses que se sent\u00edan seguros, a 83.3 por ciento, lo que permiti\u00f3 escalar dos posiciones y colocarse ahora como la cuarta ciudad m\u00e1s segura a nivel nacional.<\/p>\n\n\n\n<p>Al presidir la reuni\u00f3n ordinaria de seguridad, el Alcalde indic\u00f3 que tambi\u00e9n la Polic\u00eda Municipal de Saltillo se ubic\u00f3 como la segunda m\u00e1s confiable y la segunda m\u00e1s efectiva a nivel nacional.<\/p>\n\n\n\n<p>Detall\u00f3 que en efectividad, la Polic\u00eda Municipal escal\u00f3 del s\u00e9ptimo al segundo lugar, y en el caso de confiabilidad, subi\u00f3 del cuarto al segundo sitio.<\/p>\n\n\n\n<p>Javier D\u00edaz reiter\u00f3 que estos logros son gracias al trabajo coordinado y al apoyo que se recibe por parte del gobernador Manolo Jim\u00e9nez Salinas, as\u00ed como del Ej\u00e9rcito Mexicano, la Guardia Nacional, la Marina Armada de M\u00e9xico, la iniciativa privada y la sociedad civil.<\/p>\n\n\n\n<p>Saltillo, tercer lugar nacional en efectividad gubernamental<\/p>\n\n\n\n<p>Asimismo, la Ensu dio a conocer que Saltillo subi\u00f3 del sexto al tercer lugar a nivel nacional en el rubro de Efectividad Gubernamental, que mide la percepci\u00f3n que tiene la ciudadan\u00eda respecto a la capacidad de sus gobernantes para resolver las principales problem\u00e1ticas de la localidad.<\/p>\n\n\n\n<p>\u201cEstas son grandes noticias para los saltillenses, porque la seguridad es la prioridad de prioridades; no nos queda m\u00e1s que redoblar esfuerzos y vamos a seguir trabajando de manera coordinada para mantener a Saltillo seguro\u201d, coment\u00f3 el Alcalde de la ciudad.&nbsp;<\/p>\n\n\n\n<p>El comisionado de Seguridad y Protecci\u00f3n Ciudadana, Miguel \u00c1ngel Garza F\u00e9lix, destac\u00f3 el liderazgo del alcalde Javier D\u00edaz Gonz\u00e1lez y el gobernador Manolo Jim\u00e9nez Salinas para implementar las estrategias preventivas y de reacci\u00f3n en esta materia.<\/p>\n\n\n\n<p>\u201cDesde este momento, en esta reuni\u00f3n de seguridad ya estamos revisando indicadores y las estrategias que necesitamos reforzar o implementar para que Saltillo se siga caracterizando por ser una ciudad segura\u201d, apunt\u00f3 el Comisionado de Seguridad.<\/p>\n\n\n\n<p>A la reuni\u00f3n de seguridad tambi\u00e9n asisti\u00f3 el delegado de la Fiscal\u00eda General del Estado en la regi\u00f3n sureste, Julio C\u00e9sar Loera Ru\u00edz; el fiscal ministerial, Javier Rangel Ram\u00edrez; el subsecretario operativo de Seguridad P\u00fablica de Coahuila, H\u00e9ctor Flores Rodr\u00edguez.<\/p>\n\n\n\n<p>Representantes del Ej\u00e9rcito Mexicano, de la Guardia Nacional, de la Marina Armada de M\u00e9xico, del Poder Judicial del Estado, del COE; de la Agencia de Investigaci\u00f3n Criminal, del Centro de Justicia y Empoderamiento de las Mujeres, del Centro Nacional de Inteligencia, de la Comisi\u00f3n Estatal de Derechos Humanos, de la Polic\u00eda Civil del Estado.<\/p>\n\n\n\n<p>Asimismo, el jefe de Gabinete y Proyectos Estrat\u00e9gicos, C\u00e9sar Iv\u00e1n Moreno Aguirre; el secretario del Ayuntamiento, Francisco Saracho Navarro; el secretario t\u00e9cnico municipal, Alfonso Gonz\u00e1lez V\u00e9lez; el regidor, Mario Mata Quintero; el director de Protecci\u00f3n Civil y Bomberos, Francisco Mart\u00ednez \u00c1valos; titulares de las diferentes \u00e1reas y agrupamientos de la Comisar\u00eda de Seguridad y Protecci\u00f3n Ciudadana.<\/p>\n\n\n\n<p><\/p>\n","protected":false},"excerpt":{"rendered":"<p>La capital de Coahuila tiene a la segunda polic\u00eda m\u00e1s efectiva, a la segunda m\u00e1s confiable y es la tercera ciudad del pa\u00eds mejor calificada en eficiencia gubernamental Saltillo, Coahuila de Zaragoza; 24 de abril de 2026.- El alcalde Javier D\u00edaz Gonz\u00e1lez destac\u00f3 que gracias al equipo con la ciudadan\u00eda, el Gobernador Manolo Jim\u00e9nez y [&hellip;]<\/p>\n","protected":false},"author":4,"featured_media":25513,"comment_status":"open","ping_status":"open","sticky":false,"template":"","format":"standard","meta":[],"categories":[5],"tags":[],"_links":{"self":[{"href":"https:\/\/alertasaltillo.com\/index.php\/wp-json\/wp\/v2\/posts\/25512"}],"collection":[{"href":"https:\/\/alertasaltillo.com\/index.php\/wp-json\/wp\/v2\/posts"}],"about":[{"href":"https:\/\/alertasaltillo.com\/index.php\/wp-json\/wp\/v2\/types\/post"}],"author":[{"embeddable":true,"href":"https:\/\/alertasaltillo.com\/index.php\/wp-json\/wp\/v2\/users\/4"}],"replies":[{"embeddable":true,"href":"https:\/\/alertasaltillo.com\/index.php\/wp-json\/wp\/v2\/comments?post=25512"}],"version-history":[{"count":1,"href":"https:\/\/alertasaltillo.com\/index.php\/wp-json\/wp\/v2\/posts\/25512\/revisions"}],"predecessor-version":[{"id":25514,"href":"https:\/\/alertasaltillo.com\/index.php\/wp-json\/wp\/v2\/posts\/25512\/revisions\/25514"}],"wp:featuredmedia":[{"embeddable":true,"href":"https:\/\/alertasaltillo.com\/index.php\/wp-json\/wp\/v2\/media\/25513"}],"wp:attachment":[{"href":"https:\/\/alertasaltillo.com\/index.php\/wp-json\/wp\/v2\/media?parent=25512"}],"wp:term":[{"taxonomy":"category","embeddable":true,"href":"https:\/\/alertasaltillo.com\/index.php\/wp-json\/wp\/v2\/categories?post=25512"},{"taxonomy":"post_tag","embeddable":true,"href":"https:\/\/alertasaltillo.com\/index.php\/wp-json\/wp\/v2\/tags?post=25512"}],"curies":[{"name":"wp","href":"https:\/\/api.w.org\/{rel}","templated":true}]}}