{"id":24420,"date":"2026-03-17T14:59:49","date_gmt":"2026-03-17T14:59:49","guid":{"rendered":"https:\/\/alertasaltillo.com\/?p=24420"},"modified":"2026-03-17T14:59:51","modified_gmt":"2026-03-17T14:59:51","slug":"fallece-adolescente-en-el-hospital-general-de-saltillo","status":"publish","type":"post","link":"https:\/\/alertasaltillo.com\/index.php\/2026\/03\/17\/fallece-adolescente-en-el-hospital-general-de-saltillo\/","title":{"rendered":"FALLECE ADOLESCENTE EN EL HOSPITAL GENERAL DE SALTILLO"},"content":{"rendered":"\n<h2>Investigan autoridades el deceso de un menor de 15 a\u00f1os tras ingresar en estado cr\u00edtico por complicaciones m\u00e9dicas graves.<\/h2>\n\n\n\n<p><strong>Se torn\u00f3 tr\u00e1gica la ma\u00f1ana de este lunes en el Hospital General de Saltillo<\/strong>,<strong>&nbsp;donde un adolescente de apenas 15 a\u00f1os perdi\u00f3 la vida luego de haber ingresado de urgencia en condiciones cr\u00edticas.<\/strong><\/p>\n\n\n\n<p>El menor, identificado como&nbsp;<strong>Carlos N,<\/strong>&nbsp;fue llevado al nosocomio alrededor de las 1<strong>0:00 horas por su padre.<\/strong>&nbsp;De acuerdo con los primeros reportes, el joven presentaba un estado de salud delicado desde su llegada, aunque el hombre que lo acompa\u00f1aba no proporcion\u00f3 mayores detalles sobre lo que hab\u00eda ocurrido o el origen del malestar.<\/p>\n\n\n\n<p>Tras su ingreso, personal m\u00e9dico comenz\u00f3 a realizar diversos estudios y an\u00e1lisis cl\u00ednicos al notar que el estado del adolescente continuaba deterior\u00e1ndose.<\/p>\n\n\n\n<p>Conforme avanzaban las revisiones, los especialistas detectaron que el joven presentaba shock hipovol\u00e9mico, adem\u00e1s de una acidosis metab\u00f3lica, condiciones m\u00e9dicas graves que compromet\u00edan seriamente su organismo.<\/p>\n\n\n\n<p>A pesar de los esfuerzos del personal m\u00e9dico por estabilizarlo, el estado de salud del menor se agrav\u00f3 y finalmente se confirm\u00f3 su fallecimiento dentro del hospital.<\/p>\n\n\n\n<p>Hasta el momento, las autoridades correspondientes contin\u00faan revisando el caso para esclarecer las circunstancias que rodearon la muerte del adolescente.<\/p>\n\n\n\n<p><\/p>\n\n\n\n<p>Con Informaci\u00f3n Tomada de EL DIARIO DE COAHUILA<\/p>\n","protected":false},"excerpt":{"rendered":"<p>Investigan autoridades el deceso de un menor de 15 a\u00f1os tras ingresar en estado cr\u00edtico por complicaciones m\u00e9dicas graves. Se torn\u00f3 tr\u00e1gica la ma\u00f1ana de este lunes en el Hospital General de Saltillo,&nbsp;donde un adolescente de apenas 15 a\u00f1os perdi\u00f3 la vida luego de haber ingresado de urgencia en condiciones cr\u00edticas. El menor, identificado como&nbsp;Carlos [&hellip;]<\/p>\n","protected":false},"author":4,"featured_media":24421,"comment_status":"open","ping_status":"open","sticky":false,"template":"","format":"standard","meta":[],"categories":[199],"tags":[],"_links":{"self":[{"href":"https:\/\/alertasaltillo.com\/index.php\/wp-json\/wp\/v2\/posts\/24420"}],"collection":[{"href":"https:\/\/alertasaltillo.com\/index.php\/wp-json\/wp\/v2\/posts"}],"about":[{"href":"https:\/\/alertasaltillo.com\/index.php\/wp-json\/wp\/v2\/types\/post"}],"author":[{"embeddable":true,"href":"https:\/\/alertasaltillo.com\/index.php\/wp-json\/wp\/v2\/users\/4"}],"replies":[{"embeddable":true,"href":"https:\/\/alertasaltillo.com\/index.php\/wp-json\/wp\/v2\/comments?post=24420"}],"version-history":[{"count":1,"href":"https:\/\/alertasaltillo.com\/index.php\/wp-json\/wp\/v2\/posts\/24420\/revisions"}],"predecessor-version":[{"id":24422,"href":"https:\/\/alertasaltillo.com\/index.php\/wp-json\/wp\/v2\/posts\/24420\/revisions\/24422"}],"wp:featuredmedia":[{"embeddable":true,"href":"https:\/\/alertasaltillo.com\/index.php\/wp-json\/wp\/v2\/media\/24421"}],"wp:attachment":[{"href":"https:\/\/alertasaltillo.com\/index.php\/wp-json\/wp\/v2\/media?parent=24420"}],"wp:term":[{"taxonomy":"category","embeddable":true,"href":"https:\/\/alertasaltillo.com\/index.php\/wp-json\/wp\/v2\/categories?post=24420"},{"taxonomy":"post_tag","embeddable":true,"href":"https:\/\/alertasaltillo.com\/index.php\/wp-json\/wp\/v2\/tags?post=24420"}],"curies":[{"name":"wp","href":"https:\/\/api.w.org\/{rel}","templated":true}]}}