{"id":24399,"date":"2026-03-17T14:31:08","date_gmt":"2026-03-17T14:31:08","guid":{"rendered":"https:\/\/alertasaltillo.com\/?p=24399"},"modified":"2026-03-17T14:31:10","modified_gmt":"2026-03-17T14:31:10","slug":"detienen-a-3-cubanos-por-robo-a-caja-fuerte","status":"publish","type":"post","link":"https:\/\/alertasaltillo.com\/index.php\/2026\/03\/17\/detienen-a-3-cubanos-por-robo-a-caja-fuerte\/","title":{"rendered":"DETIENEN A 3 CUBANOS POR ROBO A CAJA FUERTE"},"content":{"rendered":"\n<h2>Reconoce Federico Fern\u00e1ndez la coordinaci\u00f3n entre la Fiscal\u00eda General de Coahuila, la Comisar\u00eda de Seguridad y Protecci\u00f3n Ciudadana de Saltillo y autoridades de Nuevo Le\u00f3n<\/h2>\n\n\n\n<p><strong>En coordinaci\u00f3n con autoridades de Nuevo Le\u00f3n, la Fiscal\u00eda General del Estado de Coahuila y la Comisar\u00eda de Seguridad y Protecci\u00f3n Ciudadana de Saltillo lograron la aprehensi\u00f3n de tres hombres<\/strong>, probables responsables de un robo a caja fuerte en Saltillo y uno m\u00e1s en Monterrey.<\/p>\n\n\n\n<p>Luego de recibir el reporte de robo a una notaria ubicada en la colonia Doctores, en Saltillo, la Comisar\u00eda, a trav\u00e9s del Agrupamiento Contra Delitos de Alto Impacto, inici\u00f3 con las investigaciones correspondientes.<\/p>\n\n\n\n<p>Con apoyo de las c\u00e1maras de vigilancia del Centro de Control y Comando (C2) y el Centro de Comando, Control, Comunicaci\u00f3n y C\u00f3mputo (C4) de la Secretar\u00eda de Seguridad P\u00fablica del Estado de Coahuila, se logr\u00f3 ubicar a los probables responsables y dar seguimiento al recorrido a bordo de un veh\u00edculo de la marca Chevrolet, de quienes habr\u00edan hu\u00eddo con direcci\u00f3n al estado de Nuevo Le\u00f3n.<\/p>\n\n\n\n<p><strong>Posteriormente, con apoyo de la Secretar\u00eda de Seguridad de Monterrey, Polic\u00eda Metropolitana de Investigaci\u00f3n y el C4 de la misma ciudad, se ubic\u00f3 al los probables responsables, mismos que fueron detenidos: Williams N, de 30 a\u00f1os; Daniel N de 34 a\u00f1os y Neuri de 28 a\u00f1os; todos originarios de Cuba.<\/strong><\/p>\n\n\n\n<p>Los detenidos fueron puestos a disposici\u00f3n de las autoridades correspondientes, junto con un veh\u00edculo y herramientas para forzar las cajas fuertes.<\/p>\n\n\n\n<p>Con Informaci\u00f3n Tomada de EL DIARIO DE COAHUILA<\/p>\n\n\n\n<p><\/p>\n","protected":false},"excerpt":{"rendered":"<p>Reconoce Federico Fern\u00e1ndez la coordinaci\u00f3n entre la Fiscal\u00eda General de Coahuila, la Comisar\u00eda de Seguridad y Protecci\u00f3n Ciudadana de Saltillo y autoridades de Nuevo Le\u00f3n En coordinaci\u00f3n con autoridades de Nuevo Le\u00f3n, la Fiscal\u00eda General del Estado de Coahuila y la Comisar\u00eda de Seguridad y Protecci\u00f3n Ciudadana de Saltillo lograron la aprehensi\u00f3n de tres hombres, [&hellip;]<\/p>\n","protected":false},"author":4,"featured_media":24400,"comment_status":"open","ping_status":"open","sticky":false,"template":"","format":"standard","meta":[],"categories":[199],"tags":[],"_links":{"self":[{"href":"https:\/\/alertasaltillo.com\/index.php\/wp-json\/wp\/v2\/posts\/24399"}],"collection":[{"href":"https:\/\/alertasaltillo.com\/index.php\/wp-json\/wp\/v2\/posts"}],"about":[{"href":"https:\/\/alertasaltillo.com\/index.php\/wp-json\/wp\/v2\/types\/post"}],"author":[{"embeddable":true,"href":"https:\/\/alertasaltillo.com\/index.php\/wp-json\/wp\/v2\/users\/4"}],"replies":[{"embeddable":true,"href":"https:\/\/alertasaltillo.com\/index.php\/wp-json\/wp\/v2\/comments?post=24399"}],"version-history":[{"count":1,"href":"https:\/\/alertasaltillo.com\/index.php\/wp-json\/wp\/v2\/posts\/24399\/revisions"}],"predecessor-version":[{"id":24401,"href":"https:\/\/alertasaltillo.com\/index.php\/wp-json\/wp\/v2\/posts\/24399\/revisions\/24401"}],"wp:featuredmedia":[{"embeddable":true,"href":"https:\/\/alertasaltillo.com\/index.php\/wp-json\/wp\/v2\/media\/24400"}],"wp:attachment":[{"href":"https:\/\/alertasaltillo.com\/index.php\/wp-json\/wp\/v2\/media?parent=24399"}],"wp:term":[{"taxonomy":"category","embeddable":true,"href":"https:\/\/alertasaltillo.com\/index.php\/wp-json\/wp\/v2\/categories?post=24399"},{"taxonomy":"post_tag","embeddable":true,"href":"https:\/\/alertasaltillo.com\/index.php\/wp-json\/wp\/v2\/tags?post=24399"}],"curies":[{"name":"wp","href":"https:\/\/api.w.org\/{rel}","templated":true}]}}