{"id":24372,"date":"2026-03-16T13:41:04","date_gmt":"2026-03-16T13:41:04","guid":{"rendered":"https:\/\/alertasaltillo.com\/?p=24372"},"modified":"2026-03-16T13:41:06","modified_gmt":"2026-03-16T13:41:06","slug":"muere-conductor-horas-despues-de-choque","status":"publish","type":"post","link":"https:\/\/alertasaltillo.com\/index.php\/2026\/03\/16\/muere-conductor-horas-despues-de-choque\/","title":{"rendered":"MUERE CONDUCTOR HORAS DESPU\u00c9S DE CHOQUE"},"content":{"rendered":"\n<h2>Confirman fallecimiento de automovilista prensado tras impacto frontal ocurrido la noche del viernes sobre el bulevar Emilio Arizpe de la Maza<\/h2>\n\n\n\n<p>Lo que comenz\u00f3 como un<strong>&nbsp;aparatoso accidente vial<\/strong>&nbsp;termin\u00f3 convirti\u00e9ndose en una tragedia durante los primeros minutos de este s\u00e1bado, luego de que<strong>&nbsp;se confirmara la muerte de uno de los conductores involucrados<\/strong>&nbsp;en el fuerte choque registrado la noche del viernes sobre el bulevar Emilio Arizpe de la Maza, al sur de Saltillo.<\/p>\n\n\n\n<p>De acuerdo con los primeros reportes, el percance ocurri\u00f3 cuando el conductor de un autom\u00f3vil Mustang circulaba con direcci\u00f3n al norte y, al tomar la curva prolongada ubicada antes de llegar a la colonia Valle Dorado, presuntamente<strong>&nbsp;perdi\u00f3 el control del volante debido al exceso de velocidad.<\/strong><\/p>\n\n\n\n<p>El veh\u00edculo deportivo se proyect\u00f3 hacia el camell\u00f3n central, lo cruz\u00f3 e invadi\u00f3 el carril contrario, impact\u00e1ndose de frente y con gran fuerza contra un autom\u00f3vil Chevrolet Aveo que avanzaba de manera normal por la vialidad.<\/p>\n\n\n\n<p>Tras el encontronazo,\u00a0<strong>el conductor del Aveo qued\u00f3 prensado entre los fierros retorcidos de la unidad<\/strong>, lo que provoc\u00f3 una intensa movilizaci\u00f3n de cuerpos de emergencia.<\/p>\n\n\n\n<p>Una vez que fue extra\u00eddo del veh\u00edculo, el hombre fue trasladado de urgencia a un hospital al norte de Saltillo, donde permaneci\u00f3 bajo atenci\u00f3n m\u00e9dica; sin embargo, durante la madrugada de este s\u00e1bado se inform\u00f3 que lamentablemente perdi\u00f3 la vida a consecuencia de las graves lesiones que presentaba.<\/p>\n\n\n\n<p>Por su parte,<strong>\u00a0el conductor del Mustang result\u00f3 con lesiones menores y fue reportado fuera de peligro.<\/strong><\/p>\n\n\n\n<p>Con Informaci\u00f3n Tomada de EL DIARIO DE COAHUILA<\/p>\n","protected":false},"excerpt":{"rendered":"<p>Confirman fallecimiento de automovilista prensado tras impacto frontal ocurrido la noche del viernes sobre el bulevar Emilio Arizpe de la Maza Lo que comenz\u00f3 como un&nbsp;aparatoso accidente vial&nbsp;termin\u00f3 convirti\u00e9ndose en una tragedia durante los primeros minutos de este s\u00e1bado, luego de que&nbsp;se confirmara la muerte de uno de los conductores involucrados&nbsp;en el fuerte choque registrado [&hellip;]<\/p>\n","protected":false},"author":4,"featured_media":24373,"comment_status":"open","ping_status":"open","sticky":false,"template":"","format":"standard","meta":[],"categories":[199],"tags":[],"_links":{"self":[{"href":"https:\/\/alertasaltillo.com\/index.php\/wp-json\/wp\/v2\/posts\/24372"}],"collection":[{"href":"https:\/\/alertasaltillo.com\/index.php\/wp-json\/wp\/v2\/posts"}],"about":[{"href":"https:\/\/alertasaltillo.com\/index.php\/wp-json\/wp\/v2\/types\/post"}],"author":[{"embeddable":true,"href":"https:\/\/alertasaltillo.com\/index.php\/wp-json\/wp\/v2\/users\/4"}],"replies":[{"embeddable":true,"href":"https:\/\/alertasaltillo.com\/index.php\/wp-json\/wp\/v2\/comments?post=24372"}],"version-history":[{"count":1,"href":"https:\/\/alertasaltillo.com\/index.php\/wp-json\/wp\/v2\/posts\/24372\/revisions"}],"predecessor-version":[{"id":24374,"href":"https:\/\/alertasaltillo.com\/index.php\/wp-json\/wp\/v2\/posts\/24372\/revisions\/24374"}],"wp:featuredmedia":[{"embeddable":true,"href":"https:\/\/alertasaltillo.com\/index.php\/wp-json\/wp\/v2\/media\/24373"}],"wp:attachment":[{"href":"https:\/\/alertasaltillo.com\/index.php\/wp-json\/wp\/v2\/media?parent=24372"}],"wp:term":[{"taxonomy":"category","embeddable":true,"href":"https:\/\/alertasaltillo.com\/index.php\/wp-json\/wp\/v2\/categories?post=24372"},{"taxonomy":"post_tag","embeddable":true,"href":"https:\/\/alertasaltillo.com\/index.php\/wp-json\/wp\/v2\/tags?post=24372"}],"curies":[{"name":"wp","href":"https:\/\/api.w.org\/{rel}","templated":true}]}}