{"id":24357,"date":"2026-03-16T13:21:55","date_gmt":"2026-03-16T13:21:55","guid":{"rendered":"https:\/\/alertasaltillo.com\/?p=24357"},"modified":"2026-03-16T13:21:57","modified_gmt":"2026-03-16T13:21:57","slug":"presentan-el-libro-los-valores-hoy-y-siempre","status":"publish","type":"post","link":"https:\/\/alertasaltillo.com\/index.php\/2026\/03\/16\/presentan-el-libro-los-valores-hoy-y-siempre\/","title":{"rendered":"PRESENTAN EL LIBRO \u00abLOS VALORES, HOY Y SIEMPRE\u00bb"},"content":{"rendered":"\n<p><em>Noche de poes\u00eda y versos en Casa Purcell<\/em><\/p>\n\n\n\n<p>Saltillo, Coahuila de Zaragoza; 14 de marzo de 2026.- Como parte de la cartelera mensual de cultura, durante este fin de semana se realiz\u00f3 la presentaci\u00f3n del libro \u201cLos Valores, Ayer, Hoy y Siempre\u201d, evento que se desarroll\u00f3 en el Centro Cultural Casa Purcell.<\/p>\n\n\n\n<p>La directora del Instituto Municipal de Cultura, Leticia Rodarte Rangel, coment\u00f3 que por instrucciones del alcalde Javier D\u00edaz Gonz\u00e1lez, pr\u00e1cticamente todos los d\u00edas del a\u00f1o hay agenda cultural y en esta ocasi\u00f3n toc\u00f3 el turno al conocimiento de esta obra literaria.<\/p>\n\n\n\n<p>\u201cNos complace ofrecer a la ciudadan\u00eda eventos en los que promovemos e impulsamos las diferentes manifestaciones art\u00edsticas y culturales, en los que trabajamos con diferentes instancias gubernamentales y de la sociedad civil\u201d, coment\u00f3 Rodarte Rangel.<\/p>\n\n\n\n<p>El libro \u201cLos Valores, Ayer, Hoy y Siempre\u201d es una obra en la que participaron las socias que forman parte del C\u00edrculo Cultural \u201cMar\u00eda Enriqueta Camarillo\u201d.<\/p>\n\n\n\n<p>La presentaci\u00f3n corri\u00f3 a cargo de Luz Mar\u00eda Fuentes de la Pe\u00f1a, quien hizo \u00e9nfasis en los valores y las buenas costumbres que como saltillenses nos distinguen desde ayer, hoy y siempre.<\/p>\n\n\n\n<p>\u201cLes invito a sentir las voces de Alma Maldonado, Dora Salazar, Julieta Galindo, Luz Sandoval, Guadalupe Castillo, Mercedes Canales, Norma C\u00e1rdenas, Santa P\u00e9rez, Silvia Morales, Teresa Trueba y Virginia Garc\u00eda, quienes nos convidan a celebrar el septuag\u00e9simo sexto aniversario del C\u00edrculo Cultural Mar\u00eda Enriqueta Camarillo\u201d, destac\u00f3 la presentadora.<\/p>\n\n\n\n<p>Se dio a conocer que este libro \u201cLos Valores, Ayer, Hoy y Siempre\u201d, m\u00e1s que una colecci\u00f3n de textos reunidos en torno a un mismo tema, es una obra que busca inspirar a la comunidad, especialmente en el esp\u00edritu de las y los j\u00f3venes y ni\u00f1os, para que juntos podamos vivir en armon\u00eda, integridad y prop\u00f3sito.<\/p>\n\n\n\n<p>Durante la velada, las asistentes ofrecieron una lectura de poes\u00eda como parte de la convivencia que se realiz\u00f3.<\/p>\n\n\n\n<p><\/p>\n","protected":false},"excerpt":{"rendered":"<p>Noche de poes\u00eda y versos en Casa Purcell Saltillo, Coahuila de Zaragoza; 14 de marzo de 2026.- Como parte de la cartelera mensual de cultura, durante este fin de semana se realiz\u00f3 la presentaci\u00f3n del libro \u201cLos Valores, Ayer, Hoy y Siempre\u201d, evento que se desarroll\u00f3 en el Centro Cultural Casa Purcell. La directora del [&hellip;]<\/p>\n","protected":false},"author":4,"featured_media":24358,"comment_status":"open","ping_status":"open","sticky":false,"template":"","format":"standard","meta":[],"categories":[201],"tags":[],"_links":{"self":[{"href":"https:\/\/alertasaltillo.com\/index.php\/wp-json\/wp\/v2\/posts\/24357"}],"collection":[{"href":"https:\/\/alertasaltillo.com\/index.php\/wp-json\/wp\/v2\/posts"}],"about":[{"href":"https:\/\/alertasaltillo.com\/index.php\/wp-json\/wp\/v2\/types\/post"}],"author":[{"embeddable":true,"href":"https:\/\/alertasaltillo.com\/index.php\/wp-json\/wp\/v2\/users\/4"}],"replies":[{"embeddable":true,"href":"https:\/\/alertasaltillo.com\/index.php\/wp-json\/wp\/v2\/comments?post=24357"}],"version-history":[{"count":1,"href":"https:\/\/alertasaltillo.com\/index.php\/wp-json\/wp\/v2\/posts\/24357\/revisions"}],"predecessor-version":[{"id":24359,"href":"https:\/\/alertasaltillo.com\/index.php\/wp-json\/wp\/v2\/posts\/24357\/revisions\/24359"}],"wp:featuredmedia":[{"embeddable":true,"href":"https:\/\/alertasaltillo.com\/index.php\/wp-json\/wp\/v2\/media\/24358"}],"wp:attachment":[{"href":"https:\/\/alertasaltillo.com\/index.php\/wp-json\/wp\/v2\/media?parent=24357"}],"wp:term":[{"taxonomy":"category","embeddable":true,"href":"https:\/\/alertasaltillo.com\/index.php\/wp-json\/wp\/v2\/categories?post=24357"},{"taxonomy":"post_tag","embeddable":true,"href":"https:\/\/alertasaltillo.com\/index.php\/wp-json\/wp\/v2\/tags?post=24357"}],"curies":[{"name":"wp","href":"https:\/\/api.w.org\/{rel}","templated":true}]}}