{"id":24327,"date":"2026-03-14T19:05:40","date_gmt":"2026-03-14T19:05:40","guid":{"rendered":"https:\/\/alertasaltillo.com\/?p=24327"},"modified":"2026-03-14T19:05:42","modified_gmt":"2026-03-14T19:05:42","slug":"consternacion-en-saltillo-joven-de-25-anos-se-quita-la-vida-tras-reunion-con-amigos","status":"publish","type":"post","link":"https:\/\/alertasaltillo.com\/index.php\/2026\/03\/14\/consternacion-en-saltillo-joven-de-25-anos-se-quita-la-vida-tras-reunion-con-amigos\/","title":{"rendered":"CONSTERNACI\u00d3N EN SALTILLO: JOVEN DE 25 A\u00d1OS SE QUITA LA VIDA TRAS REUNI\u00d3N CON AMIGOS"},"content":{"rendered":"\n<h2>La mujer fue localizada por amigos con quienes conviv\u00eda momentos antes; pese a los intentos de auxilio, ya no contaba con signos vitales cuando llegaron param\u00e9dicos<\/h2>\n\n\n\n<p>Una joven de 25 a\u00f1os fue localizada sin vida la ma\u00f1ana de este s\u00e1bado al interior de un domicilio de la colonia Ocean\u00eda, al oriente de&nbsp;<strong><a rel=\"noreferrer noopener\" href=\"https:\/\/saltillo.gob.mx\/\" target=\"_blank\">Saltillo<\/a><\/strong>, donde momentos antes conviv\u00eda con amigos.<\/p>\n\n\n\n<p>El reporte se recibi\u00f3 alrededor de las 8:15 horas, cuando elementos de la Polic\u00eda Municipal acudieron a una vivienda ubicada en la calle Jap\u00f3n, luego de que se informara al sistema de emergencias sobre una mujer inconsciente dentro del ba\u00f1o.<\/p>\n\n\n\n<p>Param\u00e9dicos de la Cruz Roja arribaron minutos despu\u00e9s al lugar y brindaron atenci\u00f3n a quien fue identificada como Andrea Lucero \u201cN\u201d, de 25 a\u00f1os; sin embargo, al revisarla confirmaron que ya no contaba con signos vitales.<\/p>\n\n\n\n<p><em><strong>Si t\u00fa o alguien que conoces atraviesa por un momento dif\u00edcil o pensamientos de suicidio, es importante saber que no est\u00e1s solo y hay ayuda disponible. Hablar con un familiar, un amigo cercano o un profesional puede marcar la diferencia. En M\u00e9xico, puedes comunicarte de manera gratuita a la L\u00ednea de la Vida (800 911 2000), disponible las 24 horas, o al 911, donde especialistas brindan apoyo emocional y orientaci\u00f3n confidencial. Pedir ayuda es un paso valiente y siempre hay personas dispuestas a escuchar.<\/strong><\/em><\/p>\n\n\n\n<p>Con Informaci\u00f3n Tomada de VANGUARDIA<\/p>\n","protected":false},"excerpt":{"rendered":"<p>La mujer fue localizada por amigos con quienes conviv\u00eda momentos antes; pese a los intentos de auxilio, ya no contaba con signos vitales cuando llegaron param\u00e9dicos Una joven de 25 a\u00f1os fue localizada sin vida la ma\u00f1ana de este s\u00e1bado al interior de un domicilio de la colonia Ocean\u00eda, al oriente de&nbsp;Saltillo, donde momentos antes [&hellip;]<\/p>\n","protected":false},"author":4,"featured_media":24328,"comment_status":"open","ping_status":"open","sticky":false,"template":"","format":"standard","meta":[],"categories":[199],"tags":[],"_links":{"self":[{"href":"https:\/\/alertasaltillo.com\/index.php\/wp-json\/wp\/v2\/posts\/24327"}],"collection":[{"href":"https:\/\/alertasaltillo.com\/index.php\/wp-json\/wp\/v2\/posts"}],"about":[{"href":"https:\/\/alertasaltillo.com\/index.php\/wp-json\/wp\/v2\/types\/post"}],"author":[{"embeddable":true,"href":"https:\/\/alertasaltillo.com\/index.php\/wp-json\/wp\/v2\/users\/4"}],"replies":[{"embeddable":true,"href":"https:\/\/alertasaltillo.com\/index.php\/wp-json\/wp\/v2\/comments?post=24327"}],"version-history":[{"count":1,"href":"https:\/\/alertasaltillo.com\/index.php\/wp-json\/wp\/v2\/posts\/24327\/revisions"}],"predecessor-version":[{"id":24329,"href":"https:\/\/alertasaltillo.com\/index.php\/wp-json\/wp\/v2\/posts\/24327\/revisions\/24329"}],"wp:featuredmedia":[{"embeddable":true,"href":"https:\/\/alertasaltillo.com\/index.php\/wp-json\/wp\/v2\/media\/24328"}],"wp:attachment":[{"href":"https:\/\/alertasaltillo.com\/index.php\/wp-json\/wp\/v2\/media?parent=24327"}],"wp:term":[{"taxonomy":"category","embeddable":true,"href":"https:\/\/alertasaltillo.com\/index.php\/wp-json\/wp\/v2\/categories?post=24327"},{"taxonomy":"post_tag","embeddable":true,"href":"https:\/\/alertasaltillo.com\/index.php\/wp-json\/wp\/v2\/tags?post=24327"}],"curies":[{"name":"wp","href":"https:\/\/api.w.org\/{rel}","templated":true}]}}