{"id":24315,"date":"2026-03-14T18:47:58","date_gmt":"2026-03-14T18:47:58","guid":{"rendered":"https:\/\/alertasaltillo.com\/?p=24315"},"modified":"2026-03-14T18:48:00","modified_gmt":"2026-03-14T18:48:00","slug":"inauguran-javier-y-luly-interprepas-2026-de-futbol-siete","status":"publish","type":"post","link":"https:\/\/alertasaltillo.com\/index.php\/2026\/03\/14\/inauguran-javier-y-luly-interprepas-2026-de-futbol-siete\/","title":{"rendered":"INAUGURAN JAVIER Y LULY INTERPREPAS 2026 DE F\u00daTBOL SIETE"},"content":{"rendered":"\n<p><em>Alcalde de Saltillo reitera la importancia del deporte como herramienta de fortalecimiento de la comunidad<\/em><\/p>\n\n\n\n<p>Saltillo, Coahuila de Zaragoza; 13 de marzo de 2026.- El alcalde de la ciudad, Javier D\u00edaz Gonz\u00e1lez, y la presidenta honoraria del DIF Municipal, Luly L\u00f3pez Naranjo, en compa\u00f1\u00eda de representantes de las instituciones participantes, encabezaron la presentaci\u00f3n del torneo Interprepas 2026 de F\u00fatbol Siete, que es organizado por el Instituto Municipal de la Juventud de Saltillo.<\/p>\n\n\n\n<p>En su mensaje, D\u00edaz Gonz\u00e1lez reiter\u00f3 que el deporte es una de las herramientas m\u00e1s importantes en el fortalecimiento y bienestar de las comunidades, ya que promueve la disciplina, as\u00ed como el trabajo en equipo.<\/p>\n\n\n\n<p>\u201cEn Saltillo trabajamos todos los d\u00edas, de la mano con el gobernador Manolo Jim\u00e9nez Salinas, para brindar oportunidades de desarrollo para la juventud e implementar pol\u00edticas p\u00fablicas para que la capital de Coahuila sea cada vez una mejor ciudad\u201d.<\/p>\n\n\n\n<p>Javier D\u00edaz agradeci\u00f3 a las diferentes preparatorias que se sumaron a este torneo y exhort\u00f3 a los equipos a brindar su m\u00e1ximo esfuerzo en cada uno de los partidos que disputar\u00e1n en los pr\u00f3ximos d\u00edas.<\/p>\n\n\n\n<p>El director del Instituto Municipal de la Juventud, Abraham Ram\u00edrez Espinoza, agradeci\u00f3 al alcalde Javier D\u00edaz Gonz\u00e1lez por los programas y beneficios que implementa en favor de la juventud saltillense.<\/p>\n\n\n\n<p>\u201cGracias, alcalde Javier D\u00edaz, por estar siempre muy al pendiente de la juventud; desde el Instituto Municipal de la Juventud reiteramos el compromiso de seguir implementando programas que apoyen y beneficien a las y los j\u00f3venes de Saltillo\u201d, apunt\u00f3 Ram\u00edrez Espinoza.<\/p>\n\n\n\n<p>Apunt\u00f3 que en el Interprepas 2026 de F\u00fatbol Siete participan 26 preparatorias de la ciudad y m\u00e1s de 250 futbolistas.<\/p>\n\n\n\n<p>Detall\u00f3 que participan el Cobain, IESEC, Conalep, Ateneo Fuente, Mariano Narv\u00e1ez, Instituto de Ciencias y Humanidades, Instituto Am\u00e9rica, IDEA, Universidad del Valle de M\u00e9xico, Universidad Carolina, CETis 48, CBTis 97, Colegio San Jos\u00e9, Instituto Freinet, Cecytec, Cobac, Centro de Estudios Forestales, por mencionar algunas.<\/p>\n\n\n\n<p>Eduardo Garza Mart\u00ednez, vicepresidente del Consejo de la Universidad Carolina, reconoci\u00f3 el esfuerzo de la administraci\u00f3n municipal por ofrecer estos espacios de convivencia para la juventud.<\/p>\n\n\n\n<p>\u201cAprovechen esta enriquecedora experiencia al m\u00e1ximo, como un encuentro de convivencia y fraternidad, pero tambi\u00e9n aprovechen la oportunidad que tienen de cursar la preparatoria como parte de su formaci\u00f3n\u201d, apunt\u00f3 Garza Mart\u00ednez.<\/p>\n\n\n\n<p>En el evento tambi\u00e9n estuvo Antonio Cepeda Lic\u00f3n, director del Instituto Estatal del Deporte; Yajaira Margarita Briones Aguilar, regidora presidenta de la Comisi\u00f3n de Juventud; el s\u00edndico Jos\u00e9 Roberto Gabriel Mart\u00ednez Salinas; la subsecretaria de Educaci\u00f3n Media, Xanin Garc\u00eda Posada; y el director de Desarrollo Social del Municipio, Ernesto Siller Torres.<\/p>\n\n\n\n<p>Adem\u00e1s, el director del Instituto Municipal de Cultura F\u00edsica y Deporte, Edgar Omar Puentes Montes; el director del Conalep en Coahuila, Alfio Vega de la Pe\u00f1a; el coordinador general de Extensi\u00f3n Universitaria de la UAdeC, David Hern\u00e1ndez Barrera; y Azucena Ramos Ramos, directora del Cecyte de Coahuila.<\/p>\n\n\n\n<p><\/p>\n","protected":false},"excerpt":{"rendered":"<p>Alcalde de Saltillo reitera la importancia del deporte como herramienta de fortalecimiento de la comunidad Saltillo, Coahuila de Zaragoza; 13 de marzo de 2026.- El alcalde de la ciudad, Javier D\u00edaz Gonz\u00e1lez, y la presidenta honoraria del DIF Municipal, Luly L\u00f3pez Naranjo, en compa\u00f1\u00eda de representantes de las instituciones participantes, encabezaron la presentaci\u00f3n del torneo [&hellip;]<\/p>\n","protected":false},"author":4,"featured_media":24316,"comment_status":"open","ping_status":"open","sticky":false,"template":"","format":"standard","meta":[],"categories":[187],"tags":[],"_links":{"self":[{"href":"https:\/\/alertasaltillo.com\/index.php\/wp-json\/wp\/v2\/posts\/24315"}],"collection":[{"href":"https:\/\/alertasaltillo.com\/index.php\/wp-json\/wp\/v2\/posts"}],"about":[{"href":"https:\/\/alertasaltillo.com\/index.php\/wp-json\/wp\/v2\/types\/post"}],"author":[{"embeddable":true,"href":"https:\/\/alertasaltillo.com\/index.php\/wp-json\/wp\/v2\/users\/4"}],"replies":[{"embeddable":true,"href":"https:\/\/alertasaltillo.com\/index.php\/wp-json\/wp\/v2\/comments?post=24315"}],"version-history":[{"count":1,"href":"https:\/\/alertasaltillo.com\/index.php\/wp-json\/wp\/v2\/posts\/24315\/revisions"}],"predecessor-version":[{"id":24317,"href":"https:\/\/alertasaltillo.com\/index.php\/wp-json\/wp\/v2\/posts\/24315\/revisions\/24317"}],"wp:featuredmedia":[{"embeddable":true,"href":"https:\/\/alertasaltillo.com\/index.php\/wp-json\/wp\/v2\/media\/24316"}],"wp:attachment":[{"href":"https:\/\/alertasaltillo.com\/index.php\/wp-json\/wp\/v2\/media?parent=24315"}],"wp:term":[{"taxonomy":"category","embeddable":true,"href":"https:\/\/alertasaltillo.com\/index.php\/wp-json\/wp\/v2\/categories?post=24315"},{"taxonomy":"post_tag","embeddable":true,"href":"https:\/\/alertasaltillo.com\/index.php\/wp-json\/wp\/v2\/tags?post=24315"}],"curies":[{"name":"wp","href":"https:\/\/api.w.org\/{rel}","templated":true}]}}