{"id":24278,"date":"2026-03-13T14:25:51","date_gmt":"2026-03-13T14:25:51","guid":{"rendered":"https:\/\/alertasaltillo.com\/?p=24278"},"modified":"2026-03-13T14:25:54","modified_gmt":"2026-03-13T14:25:54","slug":"embellece-municipio-de-saltillo-areas-verdes-de-la-plaza-de-armas","status":"publish","type":"post","link":"https:\/\/alertasaltillo.com\/index.php\/2026\/03\/13\/embellece-municipio-de-saltillo-areas-verdes-de-la-plaza-de-armas\/","title":{"rendered":"EMBELLECE MUNICIPIO DE SALTILLO \u00c1REAS VERDES DE LA PLAZA DE ARMAS"},"content":{"rendered":"\n<p><em>Instruye Javier D\u00edaz acciones de reforestaci\u00f3n y embellecimiento en este emblem\u00e1tico espacio saltillense<\/em><\/p>\n\n\n\n<p>Saltillo, Coahuila de Zaragoza; 12 de marzo de 2026.- Con el objetivo de fortalecer la imagen urbana del Centro Hist\u00f3rico y conservar en \u00f3ptimas condiciones los espacios p\u00fablicos m\u00e1s representativos, el Gobierno Municipal realiza trabajos de reforestaci\u00f3n con plantas de ornato, as\u00ed como de embellecimiento de las \u00e1reas verdes en la Plaza de Armas de Saltillo.<\/p>\n\n\n\n<p>Por instrucci\u00f3n del alcalde Javier D\u00edaz Gonz\u00e1lez, brigadas del programa \u201cAqu\u00ed Andamos\u201d llevan a cabo labores de plantaci\u00f3n de diversas especies ornamentales en las jardineras del lugar, as\u00ed como trabajos de mantenimiento, limpieza y acondicionamiento de las \u00e1reas verdes que forman parte de este emblem\u00e1tico espacio p\u00fablico ubicado en el coraz\u00f3n del Centro Hist\u00f3rico.<\/p>\n\n\n\n<p>Personal de la Direcci\u00f3n de Medio Ambiente y Desarrollo Sustentable realiz\u00f3 la preparaci\u00f3n del suelo, la colocaci\u00f3n de nuevas plantas de ornato de la especie lirio persa, as\u00ed como el retiro de vegetaci\u00f3n deteriorada, con el fin de mejorar la est\u00e9tica del sitio y garantizar que las \u00e1reas verdes luzcan en mejores condiciones para el disfrute de las y los saltillenses, as\u00ed como de quienes visitan la capital de Coahuila.<\/p>\n\n\n\n<p>\u201cEstas acciones forman parte de la estrategia permanente de conservaci\u00f3n y embellecimiento de espacios p\u00fablicos que impulsa el gobernador Manolo Jim\u00e9nez Salinas, con la cual se busca mantener en buen estado plazas, jardines y parques de nuestra ciudad, adem\u00e1s de promover entornos urbanos m\u00e1s agradables y sustentables en los diferentes sectores de la ciudad\u201d, expres\u00f3 D\u00edaz Gonz\u00e1lez.<\/p>\n\n\n\n<p>El Alcalde destac\u00f3 su compromiso de continuar con este tipo de intervenciones en distintos puntos de Saltillo, con el prop\u00f3sito de preservar los espacios hist\u00f3ricos y fortalecer el patrimonio urbano que distingue a la capital coahuilense.<\/p>\n\n\n\n<p>Asimismo, el Gobierno de Saltillo intensific\u00f3 su jornada de reforestaci\u00f3n de los principales bulevares de la ciudad, a trav\u00e9s de su programa \u201cBosques Urbanos Lineales\u201d.<\/p>\n\n\n\n<p>Cuadrillas del Vivero Municipal intervinieron con la siembra de arbolado de la especie encino siempre verde sobre el camell\u00f3n central del bulevar Luis Donaldo Colosio, entre los bulevares Venustiano Carranza y Jos\u00e9 Musa de Le\u00f3n.<\/p>\n\n\n\n<p>El Ayuntamiento de Saltillo inform\u00f3 que estas mismas acciones se realizar\u00e1n en bulevares como Emilio Arizpe de la Maza, Francisco Coss, Antonio C\u00e1rdenas, Venustiano Carranza, Mirasierra, Nazario S. Ortiz Garza, Eulalio Guti\u00e9rrez Trevi\u00f1o, Pedro Figueroa y Jes\u00fas Vald\u00e9s S\u00e1nchez, entre muchos otros.<\/p>\n\n\n\n<p>Adem\u00e1s, brigadas de \u201cAqu\u00ed Andamos\u201d reforzaron las labores de limpieza profunda en los distintos callejones de la colonia Vicente Guerrero, al sur de la ciudad.<\/p>\n\n\n\n<p>En respuesta a las peticiones ciudadanas realizadas a trav\u00e9s del asistente virtual \u201cSaltillo F\u00e1cil\u201d, al 844-160-08-08, cuadrillas municipales atendieron los callejones ubicados entre las calles 9, 7 y 26, as\u00ed como entre la 36 y 44, de este sector de Saltillo.<\/p>\n\n\n\n<p>En trabajos similares y de manera simult\u00e1nea, brigadas de Saltillo retiraron basura, escombro y desechos org\u00e1nicos acumulados en el callej\u00f3n ubicado entre el bulevar Benito Ju\u00e1rez y la calle 3, de la colonia Miguel Hidalgo.<\/p>\n\n\n\n<p><\/p>\n","protected":false},"excerpt":{"rendered":"<p>Instruye Javier D\u00edaz acciones de reforestaci\u00f3n y embellecimiento en este emblem\u00e1tico espacio saltillense Saltillo, Coahuila de Zaragoza; 12 de marzo de 2026.- Con el objetivo de fortalecer la imagen urbana del Centro Hist\u00f3rico y conservar en \u00f3ptimas condiciones los espacios p\u00fablicos m\u00e1s representativos, el Gobierno Municipal realiza trabajos de reforestaci\u00f3n con plantas de ornato, as\u00ed [&hellip;]<\/p>\n","protected":false},"author":4,"featured_media":24279,"comment_status":"open","ping_status":"open","sticky":false,"template":"","format":"standard","meta":[],"categories":[5],"tags":[],"_links":{"self":[{"href":"https:\/\/alertasaltillo.com\/index.php\/wp-json\/wp\/v2\/posts\/24278"}],"collection":[{"href":"https:\/\/alertasaltillo.com\/index.php\/wp-json\/wp\/v2\/posts"}],"about":[{"href":"https:\/\/alertasaltillo.com\/index.php\/wp-json\/wp\/v2\/types\/post"}],"author":[{"embeddable":true,"href":"https:\/\/alertasaltillo.com\/index.php\/wp-json\/wp\/v2\/users\/4"}],"replies":[{"embeddable":true,"href":"https:\/\/alertasaltillo.com\/index.php\/wp-json\/wp\/v2\/comments?post=24278"}],"version-history":[{"count":1,"href":"https:\/\/alertasaltillo.com\/index.php\/wp-json\/wp\/v2\/posts\/24278\/revisions"}],"predecessor-version":[{"id":24280,"href":"https:\/\/alertasaltillo.com\/index.php\/wp-json\/wp\/v2\/posts\/24278\/revisions\/24280"}],"wp:featuredmedia":[{"embeddable":true,"href":"https:\/\/alertasaltillo.com\/index.php\/wp-json\/wp\/v2\/media\/24279"}],"wp:attachment":[{"href":"https:\/\/alertasaltillo.com\/index.php\/wp-json\/wp\/v2\/media?parent=24278"}],"wp:term":[{"taxonomy":"category","embeddable":true,"href":"https:\/\/alertasaltillo.com\/index.php\/wp-json\/wp\/v2\/categories?post=24278"},{"taxonomy":"post_tag","embeddable":true,"href":"https:\/\/alertasaltillo.com\/index.php\/wp-json\/wp\/v2\/tags?post=24278"}],"curies":[{"name":"wp","href":"https:\/\/api.w.org\/{rel}","templated":true}]}}