{"id":24272,"date":"2026-03-13T14:09:44","date_gmt":"2026-03-13T14:09:44","guid":{"rendered":"https:\/\/alertasaltillo.com\/?p=24272"},"modified":"2026-03-13T14:09:46","modified_gmt":"2026-03-13T14:09:46","slug":"llevan-jovenes-mensaje-de-concientizacion-vial-al-norte-de-saltillo","status":"publish","type":"post","link":"https:\/\/alertasaltillo.com\/index.php\/2026\/03\/13\/llevan-jovenes-mensaje-de-concientizacion-vial-al-norte-de-saltillo\/","title":{"rendered":"LLEVAN J\u00d3VENES MENSAJE DE CONCIENTIZACI\u00d3N VIAL AL NORTE DE SALTILLO"},"content":{"rendered":"\n<p><em>Se llev\u00f3 a cabo un crucero tem\u00e1tico<\/em><\/p>\n\n\n\n<p>Saltillo, Coahuila de Zaragoza; 12 de marzo de 2026.- J\u00f3venes saltillenses se sumaron al Gobierno Municipal para llevar mensajes de concientizaci\u00f3n vial al norte de la ciudad.<\/p>\n\n\n\n<p>A trav\u00e9s del Instituto Municipal de la Juventud, por instrucciones del alcalde Javier D\u00edaz, se llevan a cabo cruceros tem\u00e1ticos de manera permanente en todos los sectores.<\/p>\n\n\n\n<p>En esta ocasi\u00f3n estuvieron presentes en el cruce de los bulevares Jos\u00e9 Musa de Le\u00f3n y Moctezuma, donde brindaron informaci\u00f3n a las y los automovilistas para evitar accidentes vehiculares.<\/p>\n\n\n\n<p>Abraham Ram\u00edrez Espinoza, director del Instituto Municipal de la Juventud, mencion\u00f3 que el objetivo principal es crear conciencia entre la poblaci\u00f3n y evitar accidentes automovil\u00edsticos.<\/p>\n\n\n\n<p>Adem\u00e1s de entregar informaci\u00f3n impresa, las y los j\u00f3venes difundieron letreros gigantes con frases como \u201cManejar borracho es la peor decisi\u00f3n\u201d, \u201cTu vida no es un juego\u201d, \u201cSi tomaste entrega las llaves, no tu vida\u201d, \u201cDespu\u00e9s de la fiesta el riesgo no acaba\u201d y \u201cManejar borracho no es mala suerte, es mala elecci\u00f3n\u201d, entre otras.<\/p>\n\n\n\n<p>Estos cruceros tem\u00e1ticos han sido replicados en puntos como el cruce de Allende y Aldama, en el Centro Hist\u00f3rico; as\u00ed como en el bulevar Fundadores y bulevar Mirasierra, al oriente.<\/p>\n\n\n\n<p>Tambi\u00e9n al sur de Saltillo, en el cruce del perif\u00e9rico Luis Echeverr\u00eda y Francisco de Urdi\u00f1ola.<\/p>\n\n\n\n<p><\/p>\n","protected":false},"excerpt":{"rendered":"<p>Se llev\u00f3 a cabo un crucero tem\u00e1tico Saltillo, Coahuila de Zaragoza; 12 de marzo de 2026.- J\u00f3venes saltillenses se sumaron al Gobierno Municipal para llevar mensajes de concientizaci\u00f3n vial al norte de la ciudad. A trav\u00e9s del Instituto Municipal de la Juventud, por instrucciones del alcalde Javier D\u00edaz, se llevan a cabo cruceros tem\u00e1ticos de [&hellip;]<\/p>\n","protected":false},"author":4,"featured_media":24273,"comment_status":"open","ping_status":"open","sticky":false,"template":"","format":"standard","meta":[],"categories":[5],"tags":[],"_links":{"self":[{"href":"https:\/\/alertasaltillo.com\/index.php\/wp-json\/wp\/v2\/posts\/24272"}],"collection":[{"href":"https:\/\/alertasaltillo.com\/index.php\/wp-json\/wp\/v2\/posts"}],"about":[{"href":"https:\/\/alertasaltillo.com\/index.php\/wp-json\/wp\/v2\/types\/post"}],"author":[{"embeddable":true,"href":"https:\/\/alertasaltillo.com\/index.php\/wp-json\/wp\/v2\/users\/4"}],"replies":[{"embeddable":true,"href":"https:\/\/alertasaltillo.com\/index.php\/wp-json\/wp\/v2\/comments?post=24272"}],"version-history":[{"count":1,"href":"https:\/\/alertasaltillo.com\/index.php\/wp-json\/wp\/v2\/posts\/24272\/revisions"}],"predecessor-version":[{"id":24274,"href":"https:\/\/alertasaltillo.com\/index.php\/wp-json\/wp\/v2\/posts\/24272\/revisions\/24274"}],"wp:featuredmedia":[{"embeddable":true,"href":"https:\/\/alertasaltillo.com\/index.php\/wp-json\/wp\/v2\/media\/24273"}],"wp:attachment":[{"href":"https:\/\/alertasaltillo.com\/index.php\/wp-json\/wp\/v2\/media?parent=24272"}],"wp:term":[{"taxonomy":"category","embeddable":true,"href":"https:\/\/alertasaltillo.com\/index.php\/wp-json\/wp\/v2\/categories?post=24272"},{"taxonomy":"post_tag","embeddable":true,"href":"https:\/\/alertasaltillo.com\/index.php\/wp-json\/wp\/v2\/tags?post=24272"}],"curies":[{"name":"wp","href":"https:\/\/api.w.org\/{rel}","templated":true}]}}