{"id":24266,"date":"2026-03-13T13:53:12","date_gmt":"2026-03-13T13:53:12","guid":{"rendered":"https:\/\/alertasaltillo.com\/?p=24266"},"modified":"2026-03-13T13:55:29","modified_gmt":"2026-03-13T13:55:29","slug":"fortalece-javier-diaz-la-red-de-centros-comunitarios-inaugura-el-de-urdinola","status":"publish","type":"post","link":"https:\/\/alertasaltillo.com\/index.php\/2026\/03\/13\/fortalece-javier-diaz-la-red-de-centros-comunitarios-inaugura-el-de-urdinola\/","title":{"rendered":"FORTALECE JAVIER D\u00cdAZ LA RED DE CENTROS COMUNITARIOS; INAUGURA EL DE URDI\u00d1OLA"},"content":{"rendered":"\n<p><em>Cuenta con un Espacio DIF para beneficio de las y los vecinos del sector<\/em><\/p>\n\n\n\n<p>Saltillo, Coahuila de Zaragoza; 12 de marzo de 2026.- El alcalde de Saltillo, Javier D\u00edaz Gonz\u00e1lez, inaugur\u00f3 el Centro Comunitario Urdi\u00f1ola, con el cual se llega a un total de 36 espacios como este operando en la ciudad para impulsar el desarrollo integral de las personas y construir comunidades m\u00e1s seguras, organizadas y resilientes.<\/p>\n\n\n\n<p>\u201cHoy hacemos entrega a las y los vecinos de las colonias Urdi\u00f1ola, Provivienda y San Ram\u00f3n de un nuevo y moderno centro comunitario con el que se fortalece el bienestar, la convivencia y la atenci\u00f3n a las familias de este sector de la ciudad\u201d, se\u00f1al\u00f3 el presidente municipal.<\/p>\n\n\n\n<p>En compa\u00f1\u00eda de su esposa Luly L\u00f3pez Naranjo, presidenta honoraria del DIF Saltillo, Javier D\u00edaz inform\u00f3 que en este centro se invirtieron 4.2 millones de pesos, sumando con ello una inversi\u00f3n acumulada de 9.3 millones de pesos con las ampliaciones de los centros comunitarios de Sat\u00e9lite Sur e Hidalgo.<\/p>\n\n\n\n<p>\u201cEste centro comunitario contar\u00e1 adem\u00e1s con un Espacio DIF, que ofrecer\u00e1 orientaci\u00f3n psicol\u00f3gica, atenci\u00f3n m\u00e9dica y acompa\u00f1amiento familiar. Junto a mi esposa Luly seguiremos llevando programas sociales y acciones que mejoren la calidad de vida a las colonias, barrios y ejidos\u201d, mencion\u00f3 el alcalde.<\/p>\n\n\n\n<p>Javier D\u00edaz agradeci\u00f3 adem\u00e1s a Farmacias del Ahorro porque gracias a su donaci\u00f3n de medicamentos del cuadro b\u00e1sico, podr\u00e1n ser entregados de manera gratuita a quienes lo necesiten.<\/p>\n\n\n\n<p>La presidenta honoraria del DIF Municipal, Luly L\u00f3pez Naranjo, reconoci\u00f3 el apoyo del alcalde Javier D\u00edaz Gonz\u00e1lez para acercar los servicios del DIF a la poblaci\u00f3n que m\u00e1s lo necesita, y dijo que este Centro Comunitario de Urdi\u00f1ola es un ejemplo de ello.<\/p>\n\n\n\n<p>\u201cEn el DIF Saltillo escuchamos a la gente para atender sus principales necesidades y una de las peticiones que m\u00e1s nos hacen es el tema de la salud, por eso seguimos trabajando para sumar m\u00e1s Espacios DIF en todos los sectores de la ciudad\u201d, coment\u00f3 L\u00f3pez Naranjo.<\/p>\n\n\n\n<p>Luz Elena Morales N\u00fa\u00f1ez, diputada presidenta del Congreso del Estado, se\u00f1al\u00f3 que Javier D\u00edaz y Luly L\u00f3pez Naranjo son muy sensibles y cercanos a la gente, y que eso es evidente con proyectos como estos centros comunitarios.<\/p>\n\n\n\n<p>\u201cSabemos que este Centro Comunitario era muy esperado por quienes habitan en este sector de Saltillo; con esto el alcalde Javier D\u00edaz y Luly L\u00f3pez siguen cumpliendo compromisos\u201d, afirm\u00f3 la legisladora.<\/p>\n\n\n\n<p>Antonio Nerio Maltos, director de Infraestructura y Obra P\u00fablica, inform\u00f3 que la obra se construy\u00f3 en 183 metros cuadrados, con \u00e1reas como acceso principal, sal\u00f3n multiusos, bodega, oficina, cocina, alacena, dos ba\u00f1os, estructura met\u00e1lica e instalaci\u00f3n de malla sombra en la explanada.<\/p>\n\n\n\n<p>\u201cAdem\u00e1s de la instalaci\u00f3n el\u00e9ctrica para alumbrado y contactos, canalizaci\u00f3n para voz y datos, instalaciones hidrosanitarias y de gas, as\u00ed como la colocaci\u00f3n de ventanas de aluminio con protecciones y puertas, construcci\u00f3n de banquetas, rampas, fabricaci\u00f3n y montaje de estructura en exterior e instalaci\u00f3n de reja de acero\u201d, dijo.<\/p>\n\n\n\n<p>A nombre de las y los beneficiarios, Bertha S\u00e1nchez Pichardo se mostr\u00f3 agradecida por la construcci\u00f3n de esta obra que beneficiar\u00e1 a las colonias Urdi\u00f1ola, Provivienda y San Ram\u00f3n con actividades recreativas y de desarrollo social.<\/p>\n\n\n\n<p>\u201cRecuerdo cuando inici\u00f3 la construcci\u00f3n de este Centro Comunitario y ahora es toda una realidad. Muchas gracias por trabajar por nuestro Saltillo\u201d, dijo S\u00e1nchez Pichardo.<\/p>\n\n\n\n<p>Durante la inauguraci\u00f3n del Centro Comunitario Urdi\u00f1ola estuvieron presentes, Eduardo Morelos Jim\u00e9nez, regidor presidente de la Comisi\u00f3n de Planeaci\u00f3n, Urbanismo, Obras P\u00fablicas y Centro Hist\u00f3rico; Ernesto Siller Torres, director de Desarrollo Social; Mar\u00eda Luisa Romero Rivera, titular de Centros Comunitarios; as\u00ed como vecinas y vecinos del sector.<\/p>\n\n\n\n<p><\/p>\n","protected":false},"excerpt":{"rendered":"<p>Cuenta con un Espacio DIF para beneficio de las y los vecinos del sector Saltillo, Coahuila de Zaragoza; 12 de marzo de 2026.- El alcalde de Saltillo, Javier D\u00edaz Gonz\u00e1lez, inaugur\u00f3 el Centro Comunitario Urdi\u00f1ola, con el cual se llega a un total de 36 espacios como este operando en la ciudad para impulsar el [&hellip;]<\/p>\n","protected":false},"author":4,"featured_media":24267,"comment_status":"open","ping_status":"open","sticky":false,"template":"","format":"standard","meta":[],"categories":[5],"tags":[],"_links":{"self":[{"href":"https:\/\/alertasaltillo.com\/index.php\/wp-json\/wp\/v2\/posts\/24266"}],"collection":[{"href":"https:\/\/alertasaltillo.com\/index.php\/wp-json\/wp\/v2\/posts"}],"about":[{"href":"https:\/\/alertasaltillo.com\/index.php\/wp-json\/wp\/v2\/types\/post"}],"author":[{"embeddable":true,"href":"https:\/\/alertasaltillo.com\/index.php\/wp-json\/wp\/v2\/users\/4"}],"replies":[{"embeddable":true,"href":"https:\/\/alertasaltillo.com\/index.php\/wp-json\/wp\/v2\/comments?post=24266"}],"version-history":[{"count":1,"href":"https:\/\/alertasaltillo.com\/index.php\/wp-json\/wp\/v2\/posts\/24266\/revisions"}],"predecessor-version":[{"id":24268,"href":"https:\/\/alertasaltillo.com\/index.php\/wp-json\/wp\/v2\/posts\/24266\/revisions\/24268"}],"wp:featuredmedia":[{"embeddable":true,"href":"https:\/\/alertasaltillo.com\/index.php\/wp-json\/wp\/v2\/media\/24267"}],"wp:attachment":[{"href":"https:\/\/alertasaltillo.com\/index.php\/wp-json\/wp\/v2\/media?parent=24266"}],"wp:term":[{"taxonomy":"category","embeddable":true,"href":"https:\/\/alertasaltillo.com\/index.php\/wp-json\/wp\/v2\/categories?post=24266"},{"taxonomy":"post_tag","embeddable":true,"href":"https:\/\/alertasaltillo.com\/index.php\/wp-json\/wp\/v2\/tags?post=24266"}],"curies":[{"name":"wp","href":"https:\/\/api.w.org\/{rel}","templated":true}]}}