{"id":24245,"date":"2026-03-12T18:26:33","date_gmt":"2026-03-12T18:26:33","guid":{"rendered":"https:\/\/alertasaltillo.com\/?p=24245"},"modified":"2026-03-12T18:26:37","modified_gmt":"2026-03-12T18:26:37","slug":"lleva-javier-y-luly-feria-de-la-mujer-al-sur-de-saltillo","status":"publish","type":"post","link":"https:\/\/alertasaltillo.com\/index.php\/2026\/03\/12\/lleva-javier-y-luly-feria-de-la-mujer-al-sur-de-saltillo\/","title":{"rendered":"LLEVA JAVIER Y LULY FERIA DE LA MUJER AL SUR DE SALTILLO"},"content":{"rendered":"\n<p><em>Acceden a servicios gratuitos gracias al trabajo coordinado entre el DIF Saltillo y MEJORA Coahuila<\/em><\/p>\n\n\n\n<p>Saltillo, Coahuila de Zaragoza; 11 de marzo de 2026.- Gracias al trabajo coordinado entre el Gobierno Municipal, a trav\u00e9s del DIF Saltillo, se llev\u00f3 a cabo con \u00e9xito la Feria de la Mujer, donde pudieron acceder a servicios gratuitos de salud y bienestar personal.<\/p>\n\n\n\n<p>El alcalde Javier D\u00edaz Gonz\u00e1lez, junto a su esposa Luly L\u00f3pez Naranjo, presidenta honoraria del DIF Saltillo, asistieron al Multideportivo El Sarape, al sur de la ciudad, donde se llev\u00f3 a cabo la Feria en el marco del Mes de las Mujeres.<\/p>\n\n\n\n<p>\u201cEsta Feria est\u00e1 dedicada a ustedes. Saltillo se construye todos los d\u00edas con la fuerza, la inteligencia y el coraz\u00f3n de sus mujeres; reconocemos su trabajo, su esfuerzo y su papel fundamental en nuestras familias, barrios y ciudad\u201d, dijo el alcalde.<\/p>\n\n\n\n<p>Javier D\u00edaz mencion\u00f3 que la Feria de la Mujer es un espacio pensado para ellas, para fortalecer su confianza, cuidar su bienestar y que su voz, su liderazgo y su capacidad de transformar su comunidad sean m\u00e1s fuertes.<\/p>\n\n\n\n<p>\u201cReconozco el compromiso de las dependencias estatales y municipales que hoy acuden a esta Feria de la Mujer a brindar sus servicios, a las notar\u00edas, asociaciones civiles y a la empresa Aguill\u00f3n. As\u00ed como el respaldo del gobernador Manolo Jim\u00e9nez Salinas, de su esposa Paola Rodr\u00edguez desde Inspira Coahuila y de la se\u00f1ora Liliana Salinas en el DIF Estatal, as\u00ed como al programa MEJORA Coahuila\u201d, refiri\u00f3 el presidente municipal.<\/p>\n\n\n\n<p>Luly L\u00f3pez Naranjo, presidenta honoraria del DIF Saltillo, reconoci\u00f3 el compromiso del alcalde Javier D\u00edaz por trabajar todos los d\u00edas cerca de la gente y por impulsar acciones que fortalecen el bienestar de las mujeres de Saltillo y de sus familias.<\/p>\n\n\n\n<p>\u201cDesde el DIF Saltillo reafirmamos nuestro compromiso de estar m\u00e1s cerca de ustedes, por eso traemos esta Feria con el objetivo de acercar apoyos, facilitar servicios y recordarles que no est\u00e1n solas\u201d, refiri\u00f3.<\/p>\n\n\n\n<p>Mencion\u00f3 que la Feria de la Mujer cont\u00f3 con servicios de salud con la unidad m\u00f3vil de Amor en Movimiento, con entrega de aparatos auditivos y lentes, adem\u00e1s de atenci\u00f3n dental; atenci\u00f3n psicol\u00f3gica y jur\u00eddica; as\u00ed como distintos tr\u00e1mites como registro civil, licencias y carta de no antecedentes penales, entre otros.<\/p>\n\n\n\n<p>\u201cTambi\u00e9n queremos que este sea un espacio para que se consientan un poquito, por lo que traemos corte de cabello, gelish, servicios de est\u00e9tica y muchas otras actividades pensadas especialmente para ustedes\u201d, dijo Luly L\u00f3pez Naranjo.<\/p>\n\n\n\n<p>\u00c1lvaro Moreira Vald\u00e9s, diputado local, felicit\u00f3 a todo el equipo del DIF Saltillo por acercar los servicios de salud, capacitaci\u00f3n y asesor\u00edas a los sectores de la ciudad.<\/p>\n\n\n\n<p>\u201cEsto es acercar el Gobierno a la gente; mi felicitaci\u00f3n tambi\u00e9n para el alcalde Javier D\u00edaz Gonz\u00e1lez por impulsar estas acciones que fortalecen a la capital de Coahuila\u201d, mencion\u00f3 Moreira Vald\u00e9s.<\/p>\n\n\n\n<p>A nombre de las beneficiarias, Gabriela Mancillas Moreno agradeci\u00f3 al alcalde Javier D\u00edaz y a la se\u00f1ora Luly L\u00f3pez Naranjo, presidenta honoraria del DIF Saltillo, por hacer posible la Feria de la Mujer y tener la oportunidad de acceder a todos los servicios gratuitos.<\/p>\n\n\n\n<p>Durante la Feria de la Mujer estuvieron presentes, Alfonso Figueroa Vicu\u00f1a, director del DIF Saltillo; Ernesto Siller Torres, director de Desarrollo Social; Edgar Omar Puentes Montes, director del Instituto Municipal de Cultura F\u00edsica y Deporte; y Jos\u00e9 Luis Alcal\u00e1 Narro, en representaci\u00f3n de Gabriel Elizondo P\u00e9rez, coordinador general de MEJORA Coahuila.<\/p>\n\n\n\n<p><\/p>\n","protected":false},"excerpt":{"rendered":"<p>Acceden a servicios gratuitos gracias al trabajo coordinado entre el DIF Saltillo y MEJORA Coahuila Saltillo, Coahuila de Zaragoza; 11 de marzo de 2026.- Gracias al trabajo coordinado entre el Gobierno Municipal, a trav\u00e9s del DIF Saltillo, se llev\u00f3 a cabo con \u00e9xito la Feria de la Mujer, donde pudieron acceder a servicios gratuitos de [&hellip;]<\/p>\n","protected":false},"author":4,"featured_media":24246,"comment_status":"open","ping_status":"open","sticky":false,"template":"","format":"standard","meta":[],"categories":[5],"tags":[],"_links":{"self":[{"href":"https:\/\/alertasaltillo.com\/index.php\/wp-json\/wp\/v2\/posts\/24245"}],"collection":[{"href":"https:\/\/alertasaltillo.com\/index.php\/wp-json\/wp\/v2\/posts"}],"about":[{"href":"https:\/\/alertasaltillo.com\/index.php\/wp-json\/wp\/v2\/types\/post"}],"author":[{"embeddable":true,"href":"https:\/\/alertasaltillo.com\/index.php\/wp-json\/wp\/v2\/users\/4"}],"replies":[{"embeddable":true,"href":"https:\/\/alertasaltillo.com\/index.php\/wp-json\/wp\/v2\/comments?post=24245"}],"version-history":[{"count":1,"href":"https:\/\/alertasaltillo.com\/index.php\/wp-json\/wp\/v2\/posts\/24245\/revisions"}],"predecessor-version":[{"id":24247,"href":"https:\/\/alertasaltillo.com\/index.php\/wp-json\/wp\/v2\/posts\/24245\/revisions\/24247"}],"wp:featuredmedia":[{"embeddable":true,"href":"https:\/\/alertasaltillo.com\/index.php\/wp-json\/wp\/v2\/media\/24246"}],"wp:attachment":[{"href":"https:\/\/alertasaltillo.com\/index.php\/wp-json\/wp\/v2\/media?parent=24245"}],"wp:term":[{"taxonomy":"category","embeddable":true,"href":"https:\/\/alertasaltillo.com\/index.php\/wp-json\/wp\/v2\/categories?post=24245"},{"taxonomy":"post_tag","embeddable":true,"href":"https:\/\/alertasaltillo.com\/index.php\/wp-json\/wp\/v2\/tags?post=24245"}],"curies":[{"name":"wp","href":"https:\/\/api.w.org\/{rel}","templated":true}]}}