{"id":24239,"date":"2026-03-12T18:21:59","date_gmt":"2026-03-12T18:21:59","guid":{"rendered":"https:\/\/alertasaltillo.com\/?p=24239"},"modified":"2026-03-12T18:22:02","modified_gmt":"2026-03-12T18:22:02","slug":"intensifica-javier-diaz-trabajos-de-reparacion-de-parapetos","status":"publish","type":"post","link":"https:\/\/alertasaltillo.com\/index.php\/2026\/03\/12\/intensifica-javier-diaz-trabajos-de-reparacion-de-parapetos\/","title":{"rendered":"INTENSIFICA JAVIER D\u00cdAZ TRABAJOS DE REPARACI\u00d3N DE PARAPETOS"},"content":{"rendered":"\n<p><em>Trabaja Gobierno Municipal por una mejor infraestructura urbana<\/em><\/p>\n\n\n\n<p><em>Rehabilita programa \u201cAqu\u00ed Andamos\u201d alumbrado de bulevar V. Carranza<\/em><\/p>\n\n\n\n<p>Saltillo, Coahuila de Zaragoza; 11 de marzo de 2026.- El Gobierno Municipal de Saltillo, a trav\u00e9s de la Direcci\u00f3n de Infraestructura y Obra P\u00fablica, contin\u00faa con las acciones permanentes de mantenimiento y mejora en la infraestructura urbana de la ciudad, a fin de brindar mayor seguridad y mejores condiciones de movilidad para las y los saltillenses.<\/p>\n\n\n\n<p>Como parte de estos trabajos, cuadrillas pertenecientes al programa \u201cAqu\u00ed Andamos\u201d llevaron a cabo labores de reparaci\u00f3n y rehabilitaci\u00f3n de los parapetos ubicados sobre la vialidad lateral del perif\u00e9rico Luis Echeverr\u00eda \u00c1lvarez, en su tramo sur y en sentido de poniente a oriente, a la altura del arroyo Martillo, donde se atendieron diversos puntos que presentaban deterioro derivado del paso del tiempo y del tr\u00e1nsito vehicular.<\/p>\n\n\n\n<p>El alcalde Javier D\u00edaz Gonz\u00e1lez inform\u00f3 que estas acciones consistieron en la restauraci\u00f3n de estructuras da\u00f1adas, reposici\u00f3n de secciones afectadas, as\u00ed como trabajos de reforzamiento para garantizar la seguridad de automovilistas y peatones que diariamente transitan por esta importante vialidad de Saltillo.<\/p>\n\n\n\n<p>De manera paralela, el personal municipal realiza trabajos similares en otros puntos estrat\u00e9gicos de las principales vialidades de Saltillo, como los bulevares Fundadores, Venustiano Carranza, Nazario S. Ortiz Garza, as\u00ed como el propio perif\u00e9rico LEA, con el prop\u00f3sito de mantener en \u00f3ptimas condiciones la infraestructura urbana de la capital de Coahuila.<\/p>\n\n\n\n<p>\u201cEstas acciones forman parte del compromiso de la administraci\u00f3n municipal, que con el apoyo del gobernador Manolo Jim\u00e9nez Salinas brinda mantenimiento constante a las vialidades de nuestra ciudad, para ofrecer mayor seguridad vial y funcionalidad de los espacios p\u00fablicos\u201d, se\u00f1al\u00f3 Javier D\u00edaz.<\/p>\n\n\n\n<p>Asimismo, brigadas de Medio Ambiente y Desarrollo Sustentable realizaron acciones de deshierbe, retiro de basura y desechos sobre el canal pluvial que corre paralelo a la calle Nopal, entre las vialidades Gordolobo y Flor de Palma, de la colonia Loma Linda.<\/p>\n\n\n\n<p>A su vez, personal de la Direcci\u00f3n de Servicios P\u00fablicos trabaj\u00f3 en la rehabilitaci\u00f3n del sistema de alumbrado p\u00fablico que da servicio al bulevar Venustiano Carranza, a la altura de los cruces con los bulevares Manuel Ortiz de Montellano y Pedro Figueroa.<\/p>\n\n\n\n<p>Dentro del programa \u201cColonias al 100\u201d, el Gobierno de Saltillo atendi\u00f3 las \u00e1reas verdes ubicadas entre las vialidades avenida Cerritos, Misi\u00f3n San Antonio y Misi\u00f3n Santa Bertha, del fraccionamiento Misi\u00f3n Cerritos.<\/p>\n\n\n\n<p>El alcalde Javier D\u00edaz Gonz\u00e1lez record\u00f3 a la poblaci\u00f3n el n\u00famero del asistente virtual \u201cSaltillo F\u00e1cil\u201d, al 844-160-08-08, con el que se puede reportar cualquier servicio p\u00fablico municipal.<\/p>\n\n\n\n<p><\/p>\n","protected":false},"excerpt":{"rendered":"<p>Trabaja Gobierno Municipal por una mejor infraestructura urbana Rehabilita programa \u201cAqu\u00ed Andamos\u201d alumbrado de bulevar V. Carranza Saltillo, Coahuila de Zaragoza; 11 de marzo de 2026.- El Gobierno Municipal de Saltillo, a trav\u00e9s de la Direcci\u00f3n de Infraestructura y Obra P\u00fablica, contin\u00faa con las acciones permanentes de mantenimiento y mejora en la infraestructura urbana de [&hellip;]<\/p>\n","protected":false},"author":4,"featured_media":24240,"comment_status":"open","ping_status":"open","sticky":false,"template":"","format":"standard","meta":[],"categories":[5],"tags":[],"_links":{"self":[{"href":"https:\/\/alertasaltillo.com\/index.php\/wp-json\/wp\/v2\/posts\/24239"}],"collection":[{"href":"https:\/\/alertasaltillo.com\/index.php\/wp-json\/wp\/v2\/posts"}],"about":[{"href":"https:\/\/alertasaltillo.com\/index.php\/wp-json\/wp\/v2\/types\/post"}],"author":[{"embeddable":true,"href":"https:\/\/alertasaltillo.com\/index.php\/wp-json\/wp\/v2\/users\/4"}],"replies":[{"embeddable":true,"href":"https:\/\/alertasaltillo.com\/index.php\/wp-json\/wp\/v2\/comments?post=24239"}],"version-history":[{"count":1,"href":"https:\/\/alertasaltillo.com\/index.php\/wp-json\/wp\/v2\/posts\/24239\/revisions"}],"predecessor-version":[{"id":24241,"href":"https:\/\/alertasaltillo.com\/index.php\/wp-json\/wp\/v2\/posts\/24239\/revisions\/24241"}],"wp:featuredmedia":[{"embeddable":true,"href":"https:\/\/alertasaltillo.com\/index.php\/wp-json\/wp\/v2\/media\/24240"}],"wp:attachment":[{"href":"https:\/\/alertasaltillo.com\/index.php\/wp-json\/wp\/v2\/media?parent=24239"}],"wp:term":[{"taxonomy":"category","embeddable":true,"href":"https:\/\/alertasaltillo.com\/index.php\/wp-json\/wp\/v2\/categories?post=24239"},{"taxonomy":"post_tag","embeddable":true,"href":"https:\/\/alertasaltillo.com\/index.php\/wp-json\/wp\/v2\/tags?post=24239"}],"curies":[{"name":"wp","href":"https:\/\/api.w.org\/{rel}","templated":true}]}}