{"id":24236,"date":"2026-03-12T18:19:46","date_gmt":"2026-03-12T18:19:46","guid":{"rendered":"https:\/\/alertasaltillo.com\/?p=24236"},"modified":"2026-03-12T18:19:48","modified_gmt":"2026-03-12T18:19:48","slug":"atacan-brutalmente-a-joven-a-mordidas-y-le-arrancaron-parte-de-la-oreja-en-piedras-negras","status":"publish","type":"post","link":"https:\/\/alertasaltillo.com\/index.php\/2026\/03\/12\/atacan-brutalmente-a-joven-a-mordidas-y-le-arrancaron-parte-de-la-oreja-en-piedras-negras\/","title":{"rendered":"ATACAN BRUTALMENTE A JOVEN A MORDIDAS Y LE ARRANCARON PARTE DE LA OREJA EN PIEDRAS NEGRAS"},"content":{"rendered":"\n<h2>La v\u00edctima logr\u00f3 llegar a su domicilio tras la agresi\u00f3n y fue trasladada por familiares al hospital, donde se report\u00f3 su ingreso a las autoridades<\/h2>\n\n\n\n<p>PIEDRAS NEGRAS, COAH.- Un joven termin\u00f3 hospitalizado luego de ser v\u00edctima de una violenta agresi\u00f3n registrada en una plaza p\u00fablica de la colonia 28 de Junio, en&nbsp;<strong><a rel=\"noreferrer noopener\" href=\"https:\/\/piedrasnegras.gob.mx\/inicio\" target=\"_blank\">Piedras Negras<\/a><\/strong>. De acuerdo con el reporte inicial, la v\u00edctima fue atacada por otro sujeto que primero lo golpe\u00f3 y posteriormente lo mordi\u00f3, provoc\u00e1ndole heridas graves, entre ellas la p\u00e9rdida de una parte de la oreja izquierda.<\/p>\n\n\n\n<p>El lesionado fue identificado como Carlos Osvaldo \u201cN\u201d, quien tuvo que ser trasladado al \u00e1rea de urgencias del Hospital General de Zona n\u00famero 11 del Instituto Mexicano del Seguro Social (IMSS), donde recibi\u00f3 atenci\u00f3n m\u00e9dica por las lesiones sufridas durante el ataque.<\/p>\n\n\n\n<p>Seg\u00fan la declaraci\u00f3n que el afectado proporcion\u00f3 a las autoridades, el incidente ocurri\u00f3 cuando caminaba con direcci\u00f3n a una cancha de futbolito ubicada detr\u00e1s de un centro comercial. Mientras avanzaba por la plaza del sector, un sujeto al que conoce \u00fanicamente con el apodo de \u201cJR\u201d le sali\u00f3 al paso.<\/p>\n\n\n\n<p>De acuerdo con su testimonio, el individuo comenz\u00f3 a agredirlo f\u00edsicamente y lo golpe\u00f3 en repetidas ocasiones. Tras el ataque inicial, el agresor logr\u00f3 derribarlo al suelo. Una vez sometido, el atacante continu\u00f3 la agresi\u00f3n y lo mordi\u00f3 en distintas partes del cuerpo.<\/p>\n\n\n\n<p>Durante la agresi\u00f3n, el afectado sufri\u00f3 heridas en el est\u00f3mago y una mordida en la oreja izquierda que le arranc\u00f3 un fragmento del tejido.\u00a0<\/p>\n\n\n\n<p>Con Informaci\u00f3n Tomada de VANGUARDIA<\/p>\n\n\n\n<p><\/p>\n","protected":false},"excerpt":{"rendered":"<p>La v\u00edctima logr\u00f3 llegar a su domicilio tras la agresi\u00f3n y fue trasladada por familiares al hospital, donde se report\u00f3 su ingreso a las autoridades PIEDRAS NEGRAS, COAH.- Un joven termin\u00f3 hospitalizado luego de ser v\u00edctima de una violenta agresi\u00f3n registrada en una plaza p\u00fablica de la colonia 28 de Junio, en&nbsp;Piedras Negras. De acuerdo [&hellip;]<\/p>\n","protected":false},"author":4,"featured_media":24237,"comment_status":"open","ping_status":"open","sticky":false,"template":"","format":"standard","meta":[],"categories":[200],"tags":[],"_links":{"self":[{"href":"https:\/\/alertasaltillo.com\/index.php\/wp-json\/wp\/v2\/posts\/24236"}],"collection":[{"href":"https:\/\/alertasaltillo.com\/index.php\/wp-json\/wp\/v2\/posts"}],"about":[{"href":"https:\/\/alertasaltillo.com\/index.php\/wp-json\/wp\/v2\/types\/post"}],"author":[{"embeddable":true,"href":"https:\/\/alertasaltillo.com\/index.php\/wp-json\/wp\/v2\/users\/4"}],"replies":[{"embeddable":true,"href":"https:\/\/alertasaltillo.com\/index.php\/wp-json\/wp\/v2\/comments?post=24236"}],"version-history":[{"count":1,"href":"https:\/\/alertasaltillo.com\/index.php\/wp-json\/wp\/v2\/posts\/24236\/revisions"}],"predecessor-version":[{"id":24238,"href":"https:\/\/alertasaltillo.com\/index.php\/wp-json\/wp\/v2\/posts\/24236\/revisions\/24238"}],"wp:featuredmedia":[{"embeddable":true,"href":"https:\/\/alertasaltillo.com\/index.php\/wp-json\/wp\/v2\/media\/24237"}],"wp:attachment":[{"href":"https:\/\/alertasaltillo.com\/index.php\/wp-json\/wp\/v2\/media?parent=24236"}],"wp:term":[{"taxonomy":"category","embeddable":true,"href":"https:\/\/alertasaltillo.com\/index.php\/wp-json\/wp\/v2\/categories?post=24236"},{"taxonomy":"post_tag","embeddable":true,"href":"https:\/\/alertasaltillo.com\/index.php\/wp-json\/wp\/v2\/tags?post=24236"}],"curies":[{"name":"wp","href":"https:\/\/api.w.org\/{rel}","templated":true}]}}