{"id":24203,"date":"2026-03-11T14:49:38","date_gmt":"2026-03-11T14:49:38","guid":{"rendered":"https:\/\/alertasaltillo.com\/?p=24203"},"modified":"2026-03-11T14:49:40","modified_gmt":"2026-03-11T14:49:40","slug":"embellece-javier-diaz-plaza-publica-en-el-toreo","status":"publish","type":"post","link":"https:\/\/alertasaltillo.com\/index.php\/2026\/03\/11\/embellece-javier-diaz-plaza-publica-en-el-toreo\/","title":{"rendered":"EMBELLECE JAVIER D\u00cdAZ PLAZA P\u00daBLICA EN EL TOREO"},"content":{"rendered":"\n<p><em>Trabajos de \u201cAqu\u00ed Andamos\u201d mejoran calidad de vida y fortalecen la convivencia familiar<\/em><\/p>\n\n\n\n<p><em>Gobierno de Saltillo intensifica acciones por toda la ciudad<\/em><\/p>\n\n\n\n<p>Saltillo, Coahuila de Zaragoza; 10 de marzo de 2026.- Como parte de las acciones permanentes para mejorar los espacios p\u00fablicos y brindar \u00e1reas dignas para la convivencia familiar, el gobierno que encabeza el alcalde Javier D\u00edaz Gonz\u00e1lez llev\u00f3 a cabo trabajos de embellecimiento y limpieza general en la plaza p\u00fablica del fraccionamiento El Toreo, ubicado al oriente de la ciudad.<\/p>\n\n\n\n<p>Con el impulso del gobernador Manolo Jim\u00e9nez Salinas, cuadrillas del programa \u201cAqu\u00ed Andamos\u201d atendieron el llamado de la ciudadan\u00eda realizado a trav\u00e9s del Chat Bot \u201cSaltillo F\u00e1cil\u201d, al 844-160-08-08, y atendieron este espacio p\u00fablico ubicado entre las calles Aquiles Cerd\u00e1n, Paseo Rodolfo Gaona y Paseo de los Armillita.<\/p>\n\n\n\n<p>Las labores incluyeron la aplicaci\u00f3n de pintura en juegos infantiles, bancas y diverso mobiliario urbano, con el objetivo de renovar la imagen del espacio y garantizar que ni\u00f1as, ni\u00f1os y familias cuenten con lugares seguros y en buenas condiciones para la convivencia y recreaci\u00f3n.<\/p>\n\n\n\n<p>Asimismo, las brigadas municipales realizaron acciones de limpieza general, barrido, retiro de basura y deshierbe, con el prop\u00f3sito de mantener este punto de encuentro comunitario ideal para fortalecer el tejido social.<\/p>\n\n\n\n<p>\u201cEstas acciones forman parte de una estrategia permanente para atender plazas, parques y \u00e1reas verdes en distintos sectores de Saltillo, con el objetivo de mejorar la calidad de vida de la poblaci\u00f3n y de quienes visiten nuestra ciudad\u201d, afirm\u00f3 el alcalde Javier D\u00edaz.<\/p>\n\n\n\n<p>Sumado a esto, personal de Medio Ambiente y Desarrollo Sustentable intervino con acciones integrales de limpieza en los diferentes callejones del fraccionamiento Mirasierra, entre las calles 11, 13, 16 y bulevar Revoluci\u00f3n, as\u00ed como en las vialidades entre la 7 y la 9.<\/p>\n\n\n\n<p>En estos espacios y para mejorar la calidad de vida de las y los vecinos, brigadas de \u201cAqu\u00ed Andamos\u201d retiraron escombro, basura y desechos org\u00e1nicos acumulados.<\/p>\n\n\n\n<p>Asimismo, dentro del programa \u201cColonias al 100\u201d, implementado por el alcalde Javier D\u00edaz y con el apoyo del Gobierno de Coahuila, personal de distintas dependencias municipales intensific\u00f3 su jornada de trabajos en colonias como Valles de los Almendros, Misi\u00f3n Cerritos, Prados de San Jos\u00e9, Santa Luc\u00eda, entre otras.<\/p>\n\n\n\n<p>Cuadrillas municipales atendieron con limpieza profunda el canal pluvial que corre paralelo al bulevar Misi\u00f3n Santa Luc\u00eda, en el tramo entre las calles Tomillo y Misi\u00f3n Santa Rosa, a la altura del fraccionamiento Santa Luc\u00eda.<\/p>\n\n\n\n<p>Adem\u00e1s, personal del Instituto Municipal de Movilidad Urbana Sostenible (IMMUS) delimit\u00f3 y pint\u00f3 los cruces peatonales que se ubican sobre el bulevar Misi\u00f3n Santa Luc\u00eda, en sus cruces con las vialidades avenida Cerritos, avenida Santa Eduviges, Virginia Masso Masso, entre otras m\u00e1s.<\/p>\n\n\n\n<p><\/p>\n","protected":false},"excerpt":{"rendered":"<p>Trabajos de \u201cAqu\u00ed Andamos\u201d mejoran calidad de vida y fortalecen la convivencia familiar Gobierno de Saltillo intensifica acciones por toda la ciudad Saltillo, Coahuila de Zaragoza; 10 de marzo de 2026.- Como parte de las acciones permanentes para mejorar los espacios p\u00fablicos y brindar \u00e1reas dignas para la convivencia familiar, el gobierno que encabeza el [&hellip;]<\/p>\n","protected":false},"author":4,"featured_media":24204,"comment_status":"open","ping_status":"open","sticky":false,"template":"","format":"standard","meta":[],"categories":[5],"tags":[],"_links":{"self":[{"href":"https:\/\/alertasaltillo.com\/index.php\/wp-json\/wp\/v2\/posts\/24203"}],"collection":[{"href":"https:\/\/alertasaltillo.com\/index.php\/wp-json\/wp\/v2\/posts"}],"about":[{"href":"https:\/\/alertasaltillo.com\/index.php\/wp-json\/wp\/v2\/types\/post"}],"author":[{"embeddable":true,"href":"https:\/\/alertasaltillo.com\/index.php\/wp-json\/wp\/v2\/users\/4"}],"replies":[{"embeddable":true,"href":"https:\/\/alertasaltillo.com\/index.php\/wp-json\/wp\/v2\/comments?post=24203"}],"version-history":[{"count":1,"href":"https:\/\/alertasaltillo.com\/index.php\/wp-json\/wp\/v2\/posts\/24203\/revisions"}],"predecessor-version":[{"id":24205,"href":"https:\/\/alertasaltillo.com\/index.php\/wp-json\/wp\/v2\/posts\/24203\/revisions\/24205"}],"wp:featuredmedia":[{"embeddable":true,"href":"https:\/\/alertasaltillo.com\/index.php\/wp-json\/wp\/v2\/media\/24204"}],"wp:attachment":[{"href":"https:\/\/alertasaltillo.com\/index.php\/wp-json\/wp\/v2\/media?parent=24203"}],"wp:term":[{"taxonomy":"category","embeddable":true,"href":"https:\/\/alertasaltillo.com\/index.php\/wp-json\/wp\/v2\/categories?post=24203"},{"taxonomy":"post_tag","embeddable":true,"href":"https:\/\/alertasaltillo.com\/index.php\/wp-json\/wp\/v2\/tags?post=24203"}],"curies":[{"name":"wp","href":"https:\/\/api.w.org\/{rel}","templated":true}]}}