{"id":24197,"date":"2026-03-11T14:39:18","date_gmt":"2026-03-11T14:39:18","guid":{"rendered":"https:\/\/alertasaltillo.com\/?p=24197"},"modified":"2026-03-11T14:39:20","modified_gmt":"2026-03-11T14:39:20","slug":"se-suman-gobierno-y-vecinos-para-la-pavimentacion-de-la-calle-celestin-freinet","status":"publish","type":"post","link":"https:\/\/alertasaltillo.com\/index.php\/2026\/03\/11\/se-suman-gobierno-y-vecinos-para-la-pavimentacion-de-la-calle-celestin-freinet\/","title":{"rendered":"SE SUMAN GOBIERNO Y VECINOS PARA LA PAVIMENTACI\u00d3N DE LA CALLE C\u00c9LESTIN FREINET"},"content":{"rendered":"\n<p><\/p>\n\n\n\n<p><em>Trabajo en conjunto genera mejores resultados: Javier D\u00edaz<\/em><\/p>\n\n\n\n<p>Saltillo, Coahuila de Zaragoza; 10 de marzo de 2026.- Vecinas y vecinos de la colonia Los Gonz\u00e1lez se sumaron al Gobierno Municipal de Saltillo que encabeza el alcalde Javier D\u00edaz Gonz\u00e1lez para llevar a cabo la pavimentaci\u00f3n de la calle C\u00e9lestin Freinet, una obra que vendr\u00e1 a mejorar el flujo vehicular y dar seguridad a autom\u00f3viles y peatones en la zona.<\/p>\n\n\n\n<p>El presidente municipal destac\u00f3 que se aplicar\u00e1 una inversi\u00f3n de 1.6 millones de pesos, con aportaciones municipal y vecinal, para cubrir m\u00e1s de 2 mil 400 metros cuadrados de concreto asf\u00e1ltico.<\/p>\n\n\n\n<p>\u201cAgradezco la voluntad de los ciudadanos de este sector porque esa es la varita m\u00e1gica para generar mejor comunidad. El desarrollo se da cuando sociedad y gobierno suman esfuerzos; juntos avanzamos m\u00e1s r\u00e1pido y llegamos m\u00e1s lejos\u201d, se\u00f1al\u00f3.<\/p>\n\n\n\n<p>Javier D\u00edaz agradeci\u00f3 el respaldo y trabajo en equipo con el gobernador Manolo Jim\u00e9nez Salinas, con quien comparte visi\u00f3n y resultados para hacer de Saltillo la mejor ciudad para vivir.<\/p>\n\n\n\n<p>Antonio Nerio Maltos, director de Infraestructura y Obra P\u00fablica, inform\u00f3 que la obra contempla la colocaci\u00f3n de carpeta asf\u00e1ltica en caliente con un espesor de 4 cent\u00edmetros y la construcci\u00f3n de cord\u00f3n cuneta.<\/p>\n\n\n\n<p>\u201cVamos a coordinarnos muy bien para que los trabajos entorpezcan lo menos posible el tr\u00e1fico de esta calle\u201d, dijo.<\/p>\n\n\n\n<p>Lucy Magda Javier Escobedo agradeci\u00f3, a nombre de las y los vecinos de la colonia, al alcalde Javier D\u00edaz por atender una necesidad que ha sido anhelada en esta zona desde hace a\u00f1os.<\/p>\n\n\n\n<p>\u201cAgradecemos al presidente municipal Javier D\u00edaz, quien a trav\u00e9s de su equipo escuch\u00f3 nuestra voz. Gracias a cada vecino que crey\u00f3 en este proyecto y aport\u00f3 tiempo, esfuerzo y recursos para hacerlo posible, porque es as\u00ed, justamente trabajando juntos, como se construye una verdadera sociedad. Celebramos que con di\u00e1logo, disposici\u00f3n y compromiso pueden lograrse grandes cosas\u201d, dijo.<\/p>\n\n\n\n<p>Durante el arranque de la obra estuvieron presentes, Eduardo Morelos Jim\u00e9nez, regidor presidente de la Comisi\u00f3n de Planeaci\u00f3n, Urbanismo, Obras P\u00fablicas y Centro Hist\u00f3rico; as\u00ed como los regidores Mario Mata Quintero y Amal Esper Serur, integrantes de la misma comisi\u00f3n; y C\u00e9sar Iv\u00e1n Moreno Aguirre, jefe de Gabinete y Proyectos Estrat\u00e9gicos.<\/p>\n","protected":false},"excerpt":{"rendered":"<p>Trabajo en conjunto genera mejores resultados: Javier D\u00edaz Saltillo, Coahuila de Zaragoza; 10 de marzo de 2026.- Vecinas y vecinos de la colonia Los Gonz\u00e1lez se sumaron al Gobierno Municipal de Saltillo que encabeza el alcalde Javier D\u00edaz Gonz\u00e1lez para llevar a cabo la pavimentaci\u00f3n de la calle C\u00e9lestin Freinet, una obra que vendr\u00e1 a [&hellip;]<\/p>\n","protected":false},"author":4,"featured_media":24198,"comment_status":"open","ping_status":"open","sticky":false,"template":"","format":"standard","meta":[],"categories":[5],"tags":[],"_links":{"self":[{"href":"https:\/\/alertasaltillo.com\/index.php\/wp-json\/wp\/v2\/posts\/24197"}],"collection":[{"href":"https:\/\/alertasaltillo.com\/index.php\/wp-json\/wp\/v2\/posts"}],"about":[{"href":"https:\/\/alertasaltillo.com\/index.php\/wp-json\/wp\/v2\/types\/post"}],"author":[{"embeddable":true,"href":"https:\/\/alertasaltillo.com\/index.php\/wp-json\/wp\/v2\/users\/4"}],"replies":[{"embeddable":true,"href":"https:\/\/alertasaltillo.com\/index.php\/wp-json\/wp\/v2\/comments?post=24197"}],"version-history":[{"count":1,"href":"https:\/\/alertasaltillo.com\/index.php\/wp-json\/wp\/v2\/posts\/24197\/revisions"}],"predecessor-version":[{"id":24199,"href":"https:\/\/alertasaltillo.com\/index.php\/wp-json\/wp\/v2\/posts\/24197\/revisions\/24199"}],"wp:featuredmedia":[{"embeddable":true,"href":"https:\/\/alertasaltillo.com\/index.php\/wp-json\/wp\/v2\/media\/24198"}],"wp:attachment":[{"href":"https:\/\/alertasaltillo.com\/index.php\/wp-json\/wp\/v2\/media?parent=24197"}],"wp:term":[{"taxonomy":"category","embeddable":true,"href":"https:\/\/alertasaltillo.com\/index.php\/wp-json\/wp\/v2\/categories?post=24197"},{"taxonomy":"post_tag","embeddable":true,"href":"https:\/\/alertasaltillo.com\/index.php\/wp-json\/wp\/v2\/tags?post=24197"}],"curies":[{"name":"wp","href":"https:\/\/api.w.org\/{rel}","templated":true}]}}