{"id":24178,"date":"2026-03-10T20:31:04","date_gmt":"2026-03-10T20:31:04","guid":{"rendered":"https:\/\/alertasaltillo.com\/?p=24178"},"modified":"2026-03-10T20:31:07","modified_gmt":"2026-03-10T20:31:07","slug":"ya-estudia-facultad-de-psicologia-de-la-ua-de-c-el-fenomeno-therian","status":"publish","type":"post","link":"https:\/\/alertasaltillo.com\/index.php\/2026\/03\/10\/ya-estudia-facultad-de-psicologia-de-la-ua-de-c-el-fenomeno-therian\/","title":{"rendered":"YA ESTUDIA FACULTAD DE PSICOLOG\u00cdA DE LA UA de C EL FEN\u00d3MENO \u00abTHERIAN\u00bb"},"content":{"rendered":"\n<h3><em>\u201cEs un fen\u00f3meno que debemos tener presente, sobre todo para un correcto abordaje, siempre respetando los principios y derechos humanos\u201d, se\u00f1ala Jos\u00e9 Gonz\u00e1lez, director de la instituci\u00f3n educativa<\/em><\/h3>\n\n\n\n<p>El director de la Facultad de Psicolog\u00eda de la Universidad Aut\u00f3noma de Coahuila (UA de C), Jos\u00e9 Gonz\u00e1lez Tovar, inform\u00f3 que en esta instituci\u00f3n educativa ya se analiza el fen\u00f3meno denominado \u201ctherian\u201d dentro de algunas de sus asignaturas, con el objetivo de que los estudiantes cuenten con herramientas acad\u00e9micas para comprender nuevas manifestaciones de identidad que se presentan en el contexto social actual.<\/p>\n\n\n\n<p>El t\u00e9rmino \u201ctherian\u201d se refiere a personas que se identifican o expresan una afinidad profunda con alg\u00fan animal en particular, lo cual ha comenzado a ser objeto de an\u00e1lisis desde diversas disciplinas de las ciencias sociales y de la salud mental.<\/p>\n\n\n\n<p>\u201cA final de cuentas nosotros los recibimos como adolescentes que est\u00e1n en proceso o transici\u00f3n a la juventud, entonces en ese proceso de transici\u00f3n es la construcci\u00f3n de la identidad, el fortalecimiento de la identidad de los muchachos y es precisamente donde se dan todo este tipo de fen\u00f3menos; es un fen\u00f3meno que debemos tener presente, sobre todo para un correcto abordaje, siempre respetando los principios y derechos humanos\u201d, comparti\u00f3 Gonz\u00e1lez Tovar.<\/p>\n\n\n\n<p>Con Informaci\u00f3n Tomada de EL HERALDO DE SALTILLO<\/p>\n","protected":false},"excerpt":{"rendered":"<p>\u201cEs un fen\u00f3meno que debemos tener presente, sobre todo para un correcto abordaje, siempre respetando los principios y derechos humanos\u201d, se\u00f1ala Jos\u00e9 Gonz\u00e1lez, director de la instituci\u00f3n educativa El director de la Facultad de Psicolog\u00eda de la Universidad Aut\u00f3noma de Coahuila (UA de C), Jos\u00e9 Gonz\u00e1lez Tovar, inform\u00f3 que en esta instituci\u00f3n educativa ya se [&hellip;]<\/p>\n","protected":false},"author":4,"featured_media":24179,"comment_status":"open","ping_status":"open","sticky":false,"template":"","format":"standard","meta":[],"categories":[219],"tags":[],"_links":{"self":[{"href":"https:\/\/alertasaltillo.com\/index.php\/wp-json\/wp\/v2\/posts\/24178"}],"collection":[{"href":"https:\/\/alertasaltillo.com\/index.php\/wp-json\/wp\/v2\/posts"}],"about":[{"href":"https:\/\/alertasaltillo.com\/index.php\/wp-json\/wp\/v2\/types\/post"}],"author":[{"embeddable":true,"href":"https:\/\/alertasaltillo.com\/index.php\/wp-json\/wp\/v2\/users\/4"}],"replies":[{"embeddable":true,"href":"https:\/\/alertasaltillo.com\/index.php\/wp-json\/wp\/v2\/comments?post=24178"}],"version-history":[{"count":1,"href":"https:\/\/alertasaltillo.com\/index.php\/wp-json\/wp\/v2\/posts\/24178\/revisions"}],"predecessor-version":[{"id":24180,"href":"https:\/\/alertasaltillo.com\/index.php\/wp-json\/wp\/v2\/posts\/24178\/revisions\/24180"}],"wp:featuredmedia":[{"embeddable":true,"href":"https:\/\/alertasaltillo.com\/index.php\/wp-json\/wp\/v2\/media\/24179"}],"wp:attachment":[{"href":"https:\/\/alertasaltillo.com\/index.php\/wp-json\/wp\/v2\/media?parent=24178"}],"wp:term":[{"taxonomy":"category","embeddable":true,"href":"https:\/\/alertasaltillo.com\/index.php\/wp-json\/wp\/v2\/categories?post=24178"},{"taxonomy":"post_tag","embeddable":true,"href":"https:\/\/alertasaltillo.com\/index.php\/wp-json\/wp\/v2\/tags?post=24178"}],"curies":[{"name":"wp","href":"https:\/\/api.w.org\/{rel}","templated":true}]}}