{"id":24148,"date":"2026-03-09T14:42:03","date_gmt":"2026-03-09T14:42:03","guid":{"rendered":"https:\/\/alertasaltillo.com\/?p=24148"},"modified":"2026-03-09T14:42:06","modified_gmt":"2026-03-09T14:42:06","slug":"capturan-a-2-presuntos-implicados-en-homicidio","status":"publish","type":"post","link":"https:\/\/alertasaltillo.com\/index.php\/2026\/03\/09\/capturan-a-2-presuntos-implicados-en-homicidio\/","title":{"rendered":"CAPTURAN A 2 PRESUNTOS IMPLICADOS EN HOMICIDIO"},"content":{"rendered":"\n<h2>Ataque se registra en la calle Juan Larios, en la colonia Villas de San Lorenzo<\/h2>\n\n\n\n<p><\/p>\n\n\n\n<p>Elementos de la&nbsp;<strong>Agencia de Investigaci\u00f3n Criminal (AIC)<\/strong>&nbsp;detuvieron la madrugada de este domingo a dos hombres presuntamente vinculados con el homicidio de un&nbsp;<strong>joven de 23 a\u00f1os<\/strong>, ocurrido en la&nbsp;<strong>colonia Villas de San Lorenzo.<\/strong><\/p>\n\n\n\n<p>La captura se logr\u00f3 gracias a acciones inmediatas de los agentes de la&nbsp;<strong>AIC<\/strong>, quienes, en coordinaci\u00f3n con la&nbsp;<strong>Comisar\u00eda de Seguridad y Protecci\u00f3n Ciudadana de Saltillo y la Polic\u00eda Estatal<\/strong>, localizaron y detuvieron a los sospechosos.<\/p>\n\n\n\n<p>Seg\u00fan los primeros datos de la investigaci\u00f3n, el ataque ocurri\u00f3 sobre la<strong>&nbsp;calle Juan Larios<\/strong>, donde la v\u00edctima fue agredida con un arma punzocortante, presuntamente por los ahora detenidos.<\/p>\n\n\n\n<p>Los arrestados fueron identificados como\u00a0<strong>Cristian Javier N, de 25 a\u00f1os<\/strong>, y<strong>\u00a0Jes\u00fas Alonso N, de 22<\/strong>, quienes fueron puestos a disposici\u00f3n del\u00a0<strong>Ministerio P\u00fablico de la Primera Agencia<\/strong>. Esta autoridad continuar\u00e1 con las investigaciones para determinar su situaci\u00f3n jur\u00eddica.<\/p>\n\n\n\n<p>Con Informaci\u00f3n Tomada de EL DIARIO DE COAHUILA<\/p>\n","protected":false},"excerpt":{"rendered":"<p>Ataque se registra en la calle Juan Larios, en la colonia Villas de San Lorenzo Elementos de la&nbsp;Agencia de Investigaci\u00f3n Criminal (AIC)&nbsp;detuvieron la madrugada de este domingo a dos hombres presuntamente vinculados con el homicidio de un&nbsp;joven de 23 a\u00f1os, ocurrido en la&nbsp;colonia Villas de San Lorenzo. La captura se logr\u00f3 gracias a acciones inmediatas [&hellip;]<\/p>\n","protected":false},"author":4,"featured_media":24149,"comment_status":"open","ping_status":"open","sticky":false,"template":"","format":"standard","meta":[],"categories":[199],"tags":[],"_links":{"self":[{"href":"https:\/\/alertasaltillo.com\/index.php\/wp-json\/wp\/v2\/posts\/24148"}],"collection":[{"href":"https:\/\/alertasaltillo.com\/index.php\/wp-json\/wp\/v2\/posts"}],"about":[{"href":"https:\/\/alertasaltillo.com\/index.php\/wp-json\/wp\/v2\/types\/post"}],"author":[{"embeddable":true,"href":"https:\/\/alertasaltillo.com\/index.php\/wp-json\/wp\/v2\/users\/4"}],"replies":[{"embeddable":true,"href":"https:\/\/alertasaltillo.com\/index.php\/wp-json\/wp\/v2\/comments?post=24148"}],"version-history":[{"count":1,"href":"https:\/\/alertasaltillo.com\/index.php\/wp-json\/wp\/v2\/posts\/24148\/revisions"}],"predecessor-version":[{"id":24150,"href":"https:\/\/alertasaltillo.com\/index.php\/wp-json\/wp\/v2\/posts\/24148\/revisions\/24150"}],"wp:featuredmedia":[{"embeddable":true,"href":"https:\/\/alertasaltillo.com\/index.php\/wp-json\/wp\/v2\/media\/24149"}],"wp:attachment":[{"href":"https:\/\/alertasaltillo.com\/index.php\/wp-json\/wp\/v2\/media?parent=24148"}],"wp:term":[{"taxonomy":"category","embeddable":true,"href":"https:\/\/alertasaltillo.com\/index.php\/wp-json\/wp\/v2\/categories?post=24148"},{"taxonomy":"post_tag","embeddable":true,"href":"https:\/\/alertasaltillo.com\/index.php\/wp-json\/wp\/v2\/tags?post=24148"}],"curies":[{"name":"wp","href":"https:\/\/api.w.org\/{rel}","templated":true}]}}