{"id":24139,"date":"2026-03-09T14:31:16","date_gmt":"2026-03-09T14:31:16","guid":{"rendered":"https:\/\/alertasaltillo.com\/?p=24139"},"modified":"2026-03-09T14:31:20","modified_gmt":"2026-03-09T14:31:20","slug":"ruta-recreativa-ofrece-espacio-para-activacion-fisica-y-convivencia","status":"publish","type":"post","link":"https:\/\/alertasaltillo.com\/index.php\/2026\/03\/09\/ruta-recreativa-ofrece-espacio-para-activacion-fisica-y-convivencia\/","title":{"rendered":"RUTA RECREATIVA OFRECE ESPACIO PARA ACTIVACI\u00d3N F\u00cdSICA Y CONVIVENCIA"},"content":{"rendered":"\n<p><\/p>\n\n\n\n<p>Saltillo, Coahuila de Zaragoza; 08 de marzo de 2026.- Las personas que pasearon durante este domingo en la Ruta Recreativa disfrutaron de un espacio propicio para la activaci\u00f3n f\u00edsica, la convivencia familiar y para aprovechar servicios de salud que ofreci\u00f3 el Gobierno Municipal de Saltillo.<\/p>\n\n\n\n<p>Como es una costumbre en esta administraci\u00f3n municipal, las diferentes dependencias se coordinan con el fin de brindar actividades que son del inter\u00e9s de quienes recorren este paseo dominical.<\/p>\n\n\n\n<p>La Comisar\u00eda de Seguridad y Protecci\u00f3n Ciudadana, a trav\u00e9s de diversos agrupamientos, prepar\u00f3 actividades de proximidad social para fortalecer la confianza y los lazos de colaboraci\u00f3n con las familias.<\/p>\n\n\n\n<p>Adem\u00e1s, la Direcci\u00f3n de Salud P\u00fablica Municipal instal\u00f3 su m\u00f3dulo en el que ofreci\u00f3 servicios gratuitos de detecci\u00f3n de diabetes e hipertensi\u00f3n, recomendaciones en nutrici\u00f3n, as\u00ed como la aplicaci\u00f3n de la vacuna contra el sarampi\u00f3n.<\/p>\n\n\n\n<p>Asimismo, con el prop\u00f3sito de fomentar la tenencia responsable de los seres sintientes, personal de esta misma dependencia aplic\u00f3 vacunas antirr\u00e1bicas y dosis de desparasitante sin costo.<\/p>\n\n\n\n<p>La Ruta Recreativa se realiza todos los domingos sobre el bulevar Venustiano Carranza, en un horario de 7:00 de la ma\u00f1ana a 12:00 del mediod\u00eda, por lo que el Gobierno Municipal de Saltillo invita a la ciudadan\u00eda a asistir.<\/p>\n","protected":false},"excerpt":{"rendered":"<p>Saltillo, Coahuila de Zaragoza; 08 de marzo de 2026.- Las personas que pasearon durante este domingo en la Ruta Recreativa disfrutaron de un espacio propicio para la activaci\u00f3n f\u00edsica, la convivencia familiar y para aprovechar servicios de salud que ofreci\u00f3 el Gobierno Municipal de Saltillo. Como es una costumbre en esta administraci\u00f3n municipal, las diferentes [&hellip;]<\/p>\n","protected":false},"author":4,"featured_media":24140,"comment_status":"open","ping_status":"open","sticky":false,"template":"","format":"standard","meta":[],"categories":[5],"tags":[],"_links":{"self":[{"href":"https:\/\/alertasaltillo.com\/index.php\/wp-json\/wp\/v2\/posts\/24139"}],"collection":[{"href":"https:\/\/alertasaltillo.com\/index.php\/wp-json\/wp\/v2\/posts"}],"about":[{"href":"https:\/\/alertasaltillo.com\/index.php\/wp-json\/wp\/v2\/types\/post"}],"author":[{"embeddable":true,"href":"https:\/\/alertasaltillo.com\/index.php\/wp-json\/wp\/v2\/users\/4"}],"replies":[{"embeddable":true,"href":"https:\/\/alertasaltillo.com\/index.php\/wp-json\/wp\/v2\/comments?post=24139"}],"version-history":[{"count":1,"href":"https:\/\/alertasaltillo.com\/index.php\/wp-json\/wp\/v2\/posts\/24139\/revisions"}],"predecessor-version":[{"id":24141,"href":"https:\/\/alertasaltillo.com\/index.php\/wp-json\/wp\/v2\/posts\/24139\/revisions\/24141"}],"wp:featuredmedia":[{"embeddable":true,"href":"https:\/\/alertasaltillo.com\/index.php\/wp-json\/wp\/v2\/media\/24140"}],"wp:attachment":[{"href":"https:\/\/alertasaltillo.com\/index.php\/wp-json\/wp\/v2\/media?parent=24139"}],"wp:term":[{"taxonomy":"category","embeddable":true,"href":"https:\/\/alertasaltillo.com\/index.php\/wp-json\/wp\/v2\/categories?post=24139"},{"taxonomy":"post_tag","embeddable":true,"href":"https:\/\/alertasaltillo.com\/index.php\/wp-json\/wp\/v2\/tags?post=24139"}],"curies":[{"name":"wp","href":"https:\/\/api.w.org\/{rel}","templated":true}]}}