{"id":24133,"date":"2026-03-09T14:03:17","date_gmt":"2026-03-09T14:03:17","guid":{"rendered":"https:\/\/alertasaltillo.com\/?p=24133"},"modified":"2026-03-09T14:03:20","modified_gmt":"2026-03-09T14:03:20","slug":"arranca-comisaria-capacitacion-rueda-por-tu-vida-para-motociciclistas","status":"publish","type":"post","link":"https:\/\/alertasaltillo.com\/index.php\/2026\/03\/09\/arranca-comisaria-capacitacion-rueda-por-tu-vida-para-motociciclistas\/","title":{"rendered":"ARRANCA COMISAR\u00cdA CAPACITACI\u00d3N \u00abRUEDA POR TU VIDA\u00bb PARA MOTOCICICLISTAS"},"content":{"rendered":"\n<p>Saltillo, Coahuila de Zaragoza; 08 de marzo de 2026.- Como parte de las acciones de prevenci\u00f3n y concientizaci\u00f3n, el Gobierno Municipal de Saltillo, a trav\u00e9s de la Comisar\u00eda de Seguridad y Protecci\u00f3n Ciudadana, reinici\u00f3 el programa de capacitaci\u00f3n te\u00f3rico-pr\u00e1ctico para motociclistas \u201cRueda por tu Vida\u201d.<\/p>\n\n\n\n<p>Este programa dio inicio en septiembre de 2025 con el objetivo de brindar, de forma gratuita, herramientas para que las y los motociclistas refuercen sus habilidades de conducci\u00f3n, as\u00ed como concientizar sobre la responsabilidad y los riesgos que implica.<\/p>\n\n\n\n<p>En las instalaciones del Biblioparque Norte, la Subdirecci\u00f3n de Tr\u00e1nsito de Saltillo arranc\u00f3 la segunda capacitaci\u00f3n de \u201cRueda por tu Vida\u201d, a la que asistieron motociclistas repartidores e integrantes de distintos motoclubes.<\/p>\n\n\n\n<p>Adem\u00e1s del curso te\u00f3rico, cuentan con un circuito cerrado en donde los participantes, con apoyo de la Federaci\u00f3n de Polic\u00edas y Oficiales Motociclistas, ponen en pr\u00e1ctica lo aprendido.<\/p>\n\n\n\n<p>Asimismo, al finalizar la capacitaci\u00f3n se brinda un diploma a los participantes y se rifa un casco entre los mismos.<\/p>\n\n\n\n<p>Zulema Banda Alem\u00e1n, subdirectora de Tr\u00e1nsito, se\u00f1al\u00f3 que \u201cRueda por tu Vida\u201d continuar\u00e1 cada dos s\u00e1bados a partir del pasado 28 de febrero e invit\u00f3 a las y los interesados a inscribirse de forma gratuita.<\/p>\n\n\n\n<p>\u201cEstamos muy entusiasmados de retomar este programa impulsado por el alcalde Javier D\u00edaz Gonz\u00e1lez y el comisionado Miguel \u00c1ngel Garza F\u00e9lix, por lo que extiendo la invitaci\u00f3n a todas y todos los motociclistas interesados en reforzar sus conocimientos\u201d, manifest\u00f3 Banda Alem\u00e1n.<\/p>\n\n\n\n<p>Dijo que los asistentes a la capacitaci\u00f3n podr\u00e1n participar en la rifa de un casco.<\/p>\n\n\n\n<p>Quien desee asistir puede inscribirse v\u00eda WhatsApp al 844-290-2179 o llamar al 844-414-1114.<\/p>\n\n\n\n<p><\/p>\n","protected":false},"excerpt":{"rendered":"<p>Saltillo, Coahuila de Zaragoza; 08 de marzo de 2026.- Como parte de las acciones de prevenci\u00f3n y concientizaci\u00f3n, el Gobierno Municipal de Saltillo, a trav\u00e9s de la Comisar\u00eda de Seguridad y Protecci\u00f3n Ciudadana, reinici\u00f3 el programa de capacitaci\u00f3n te\u00f3rico-pr\u00e1ctico para motociclistas \u201cRueda por tu Vida\u201d. Este programa dio inicio en septiembre de 2025 con el [&hellip;]<\/p>\n","protected":false},"author":4,"featured_media":24134,"comment_status":"open","ping_status":"open","sticky":false,"template":"","format":"standard","meta":[],"categories":[5],"tags":[],"_links":{"self":[{"href":"https:\/\/alertasaltillo.com\/index.php\/wp-json\/wp\/v2\/posts\/24133"}],"collection":[{"href":"https:\/\/alertasaltillo.com\/index.php\/wp-json\/wp\/v2\/posts"}],"about":[{"href":"https:\/\/alertasaltillo.com\/index.php\/wp-json\/wp\/v2\/types\/post"}],"author":[{"embeddable":true,"href":"https:\/\/alertasaltillo.com\/index.php\/wp-json\/wp\/v2\/users\/4"}],"replies":[{"embeddable":true,"href":"https:\/\/alertasaltillo.com\/index.php\/wp-json\/wp\/v2\/comments?post=24133"}],"version-history":[{"count":1,"href":"https:\/\/alertasaltillo.com\/index.php\/wp-json\/wp\/v2\/posts\/24133\/revisions"}],"predecessor-version":[{"id":24135,"href":"https:\/\/alertasaltillo.com\/index.php\/wp-json\/wp\/v2\/posts\/24133\/revisions\/24135"}],"wp:featuredmedia":[{"embeddable":true,"href":"https:\/\/alertasaltillo.com\/index.php\/wp-json\/wp\/v2\/media\/24134"}],"wp:attachment":[{"href":"https:\/\/alertasaltillo.com\/index.php\/wp-json\/wp\/v2\/media?parent=24133"}],"wp:term":[{"taxonomy":"category","embeddable":true,"href":"https:\/\/alertasaltillo.com\/index.php\/wp-json\/wp\/v2\/categories?post=24133"},{"taxonomy":"post_tag","embeddable":true,"href":"https:\/\/alertasaltillo.com\/index.php\/wp-json\/wp\/v2\/tags?post=24133"}],"curies":[{"name":"wp","href":"https:\/\/api.w.org\/{rel}","templated":true}]}}