{"id":24130,"date":"2026-03-08T19:58:12","date_gmt":"2026-03-08T19:58:12","guid":{"rendered":"https:\/\/alertasaltillo.com\/?p=24130"},"modified":"2026-03-08T19:58:14","modified_gmt":"2026-03-08T19:58:14","slug":"dif-coahuila-refuerza-valores-familiares","status":"publish","type":"post","link":"https:\/\/alertasaltillo.com\/index.php\/2026\/03\/08\/dif-coahuila-refuerza-valores-familiares\/","title":{"rendered":"DIF COAHUILA REFUERZA VALORES FAMILIARES"},"content":{"rendered":"\n<p>&nbsp;&nbsp;&nbsp;&nbsp;&nbsp;<em>Realiza actividades de convivencia entre familias en las diversas regiones del estado<\/em><\/p>\n\n\n\n<p>Saltillo, Coahuila; 07 de marzo de 2026.- En el marco de la conmemoraci\u00f3n del D\u00eda de la Familia en M\u00e9xico, el DIF Coahuila, en coordinaci\u00f3n con los Sistemas DIF Municipales, llev\u00f3 a cabo el rally \u201cMi Familia, Mi Comunidad\u201d, una actividad que reuni\u00f3 a cientos de familias en distintas regiones del estado para promover la convivencia, el trabajo en equipo y la integraci\u00f3n comunitaria.<\/p>\n\n\n\n<p>La Presidenta Honoraria del DIF Coahuila, Liliana Salinas Vald\u00e9s, destac\u00f3 la importancia de impulsar este tipo de actividades que fortalecen el tejido social desde el n\u00facleo familiar.<\/p>\n\n\n\n<p>\u201cEn el DIF Coahuila creemos firmemente que la familia es la base de una sociedad fuerte y solidaria. Actividades como este rally nos permiten crear espacios donde madres, padres, hijas e hijos conviven, se apoyan y construyen juntos momentos que fortalecen sus v\u00ednculos. Nuestro compromiso es seguir impulsando acciones que promuevan la uni\u00f3n familiar y el desarrollo integral de nuestras comunidades\u201d, expres\u00f3<\/p>\n\n\n\n<p>A trav\u00e9s de din\u00e1micas recreativas y formativas, ni\u00f1as, ni\u00f1os, j\u00f3venes y personas adultas participaron en diversas actividades dise\u00f1adas para fortalecer la comunicaci\u00f3n, la colaboraci\u00f3n y los lazos familiares, generando espacios de encuentro y experiencias significativas para las familias coahuilenses.<\/p>\n\n\n\n<p>Las jornadas se realizaron en diferentes municipios y comunidades, destacando la participaci\u00f3n de familias en Guerrero, en el ejido Santa M\u00f3nica; Acu\u00f1a; San Juan de Sabinas, en Villa de San Juan de Sabinas; Monclova; San Pedro, en el ejido Santiago; y Arteaga, en el ejido Huachichil, donde se vivi\u00f3 un ambiente de alegr\u00eda, uni\u00f3n y participaci\u00f3n.<\/p>\n\n\n\n<p>Con iniciativas como \u201cMi Familia, Mi Comunidad\u201d, el DIF Coahuila reafirma su compromiso de seguir generando estrategias que promuevan la participaci\u00f3n, la convivencia y el fortalecimiento de los valores familiares en todas las regiones del estado.<\/p>\n\n\n\n<p><\/p>\n","protected":false},"excerpt":{"rendered":"<p>&nbsp;&nbsp;&nbsp;&nbsp;&nbsp;Realiza actividades de convivencia entre familias en las diversas regiones del estado Saltillo, Coahuila; 07 de marzo de 2026.- En el marco de la conmemoraci\u00f3n del D\u00eda de la Familia en M\u00e9xico, el DIF Coahuila, en coordinaci\u00f3n con los Sistemas DIF Municipales, llev\u00f3 a cabo el rally \u201cMi Familia, Mi Comunidad\u201d, una actividad que reuni\u00f3 [&hellip;]<\/p>\n","protected":false},"author":4,"featured_media":24131,"comment_status":"open","ping_status":"open","sticky":false,"template":"","format":"standard","meta":[],"categories":[214],"tags":[],"_links":{"self":[{"href":"https:\/\/alertasaltillo.com\/index.php\/wp-json\/wp\/v2\/posts\/24130"}],"collection":[{"href":"https:\/\/alertasaltillo.com\/index.php\/wp-json\/wp\/v2\/posts"}],"about":[{"href":"https:\/\/alertasaltillo.com\/index.php\/wp-json\/wp\/v2\/types\/post"}],"author":[{"embeddable":true,"href":"https:\/\/alertasaltillo.com\/index.php\/wp-json\/wp\/v2\/users\/4"}],"replies":[{"embeddable":true,"href":"https:\/\/alertasaltillo.com\/index.php\/wp-json\/wp\/v2\/comments?post=24130"}],"version-history":[{"count":1,"href":"https:\/\/alertasaltillo.com\/index.php\/wp-json\/wp\/v2\/posts\/24130\/revisions"}],"predecessor-version":[{"id":24132,"href":"https:\/\/alertasaltillo.com\/index.php\/wp-json\/wp\/v2\/posts\/24130\/revisions\/24132"}],"wp:featuredmedia":[{"embeddable":true,"href":"https:\/\/alertasaltillo.com\/index.php\/wp-json\/wp\/v2\/media\/24131"}],"wp:attachment":[{"href":"https:\/\/alertasaltillo.com\/index.php\/wp-json\/wp\/v2\/media?parent=24130"}],"wp:term":[{"taxonomy":"category","embeddable":true,"href":"https:\/\/alertasaltillo.com\/index.php\/wp-json\/wp\/v2\/categories?post=24130"},{"taxonomy":"post_tag","embeddable":true,"href":"https:\/\/alertasaltillo.com\/index.php\/wp-json\/wp\/v2\/tags?post=24130"}],"curies":[{"name":"wp","href":"https:\/\/api.w.org\/{rel}","templated":true}]}}