{"id":24121,"date":"2026-03-08T19:35:13","date_gmt":"2026-03-08T19:35:13","guid":{"rendered":"https:\/\/alertasaltillo.com\/?p=24121"},"modified":"2026-03-08T19:35:15","modified_gmt":"2026-03-08T19:35:15","slug":"hombre-vive-aterrador-momento-al-ver-fuego-en-su-ropa-tras-intentar-quemar-una-bandera-estadounidense-en-protesta-anti-ice","status":"publish","type":"post","link":"https:\/\/alertasaltillo.com\/index.php\/2026\/03\/08\/hombre-vive-aterrador-momento-al-ver-fuego-en-su-ropa-tras-intentar-quemar-una-bandera-estadounidense-en-protesta-anti-ice\/","title":{"rendered":"HOMBRE VIVE ATERRADOR MOMENTO AL VER FUEGO EN SU ROPA TRAS INTENTAR QUEMAR UNA BANDERA ESTADOUNIDENSE EN PROTESTA ANTI-ICE"},"content":{"rendered":"\n<p>En el clip se puede observar el momento en que&nbsp;el fuego comienza a propagarse en algunas partes de la ropa del hombre que protestaba frente a las instalaciones del&nbsp;Servicio de Inmigraci\u00f3n y Control de Aduanas&nbsp;de los Estados Unidos en Portland<\/p>\n\n\n\n<p>En redes sociales como X&nbsp;circula un video, en el que se puede ver el momento en que un&nbsp;<strong>manifestante anti-ICE<\/strong>&nbsp;se prende&nbsp;<strong>fuego&nbsp;<\/strong>accidentalmente cuando intentaba quemar la&nbsp;<strong>bandera&nbsp;<\/strong>de&nbsp;<strong>Estados Unidos<\/strong>&nbsp;frente a las instalaciones del&nbsp;Servicio de Inmigraci\u00f3n y Control de Aduanas&nbsp;de los Estados Unidos&nbsp;(<strong>ICE<\/strong>, por sus siglas en ingl\u00e9s)&nbsp;en&nbsp;<strong>Portland<\/strong>, en el estado de&nbsp;Oreg\u00f3n.<\/p>\n\n\n\n<p>En el clip se puede observar el preciso momento en que&nbsp;el&nbsp;<strong>fuego&nbsp;<\/strong>comienza a propagarse en algunas partes de la ropa del&nbsp;<strong>hombre<\/strong>; sin embargo, tras unos movimientos r\u00e1pidos, logra apagarlo. A su alrededor, hay personas observ\u00e1ndolo, mientras algunos m\u00e1s gritan alarmados por la escena.<\/p>\n\n\n\n<p>Otro de los manifestantes se le acerca para ayudarlo y segundos despu\u00e9s aparece unos m\u00e1s corriendo, quien de un manotazo logra apagar el fuego que todav\u00eda hab\u00eda en una parte de la ropa.<\/p>\n\n\n\n<p>El video que ha comenzado a hacerse viral en redes sociales, fue parte de una transmisi\u00f3n en vivo, en la que se\u00a0brindaba detalles de la manifestaci\u00f3n frente a las\u00a0instalaciones de ICE.<\/p>\n\n\n\n<p>Con Informaci\u00f3n Tomada de EL HERALDO DE M\u00c9XICO<\/p>\n","protected":false},"excerpt":{"rendered":"<p>En el clip se puede observar el momento en que&nbsp;el fuego comienza a propagarse en algunas partes de la ropa del hombre que protestaba frente a las instalaciones del&nbsp;Servicio de Inmigraci\u00f3n y Control de Aduanas&nbsp;de los Estados Unidos en Portland En redes sociales como X&nbsp;circula un video, en el que se puede ver el momento [&hellip;]<\/p>\n","protected":false},"author":4,"featured_media":24122,"comment_status":"open","ping_status":"open","sticky":false,"template":"","format":"standard","meta":[],"categories":[8],"tags":[],"_links":{"self":[{"href":"https:\/\/alertasaltillo.com\/index.php\/wp-json\/wp\/v2\/posts\/24121"}],"collection":[{"href":"https:\/\/alertasaltillo.com\/index.php\/wp-json\/wp\/v2\/posts"}],"about":[{"href":"https:\/\/alertasaltillo.com\/index.php\/wp-json\/wp\/v2\/types\/post"}],"author":[{"embeddable":true,"href":"https:\/\/alertasaltillo.com\/index.php\/wp-json\/wp\/v2\/users\/4"}],"replies":[{"embeddable":true,"href":"https:\/\/alertasaltillo.com\/index.php\/wp-json\/wp\/v2\/comments?post=24121"}],"version-history":[{"count":1,"href":"https:\/\/alertasaltillo.com\/index.php\/wp-json\/wp\/v2\/posts\/24121\/revisions"}],"predecessor-version":[{"id":24123,"href":"https:\/\/alertasaltillo.com\/index.php\/wp-json\/wp\/v2\/posts\/24121\/revisions\/24123"}],"wp:featuredmedia":[{"embeddable":true,"href":"https:\/\/alertasaltillo.com\/index.php\/wp-json\/wp\/v2\/media\/24122"}],"wp:attachment":[{"href":"https:\/\/alertasaltillo.com\/index.php\/wp-json\/wp\/v2\/media?parent=24121"}],"wp:term":[{"taxonomy":"category","embeddable":true,"href":"https:\/\/alertasaltillo.com\/index.php\/wp-json\/wp\/v2\/categories?post=24121"},{"taxonomy":"post_tag","embeddable":true,"href":"https:\/\/alertasaltillo.com\/index.php\/wp-json\/wp\/v2\/tags?post=24121"}],"curies":[{"name":"wp","href":"https:\/\/api.w.org\/{rel}","templated":true}]}}