{"id":24118,"date":"2026-03-08T19:27:04","date_gmt":"2026-03-08T19:27:04","guid":{"rendered":"https:\/\/alertasaltillo.com\/?p=24118"},"modified":"2026-03-08T19:27:07","modified_gmt":"2026-03-08T19:27:07","slug":"inauguran-grandes-maestros-de-la-acuarela-en-el-museo-de-palacio","status":"publish","type":"post","link":"https:\/\/alertasaltillo.com\/index.php\/2026\/03\/08\/inauguran-grandes-maestros-de-la-acuarela-en-el-museo-de-palacio\/","title":{"rendered":"INAUGURAN \u00abGRANDES MAESTROS DE LA ACUARELA\u00bb EN EL MUSEO DE PALACIO"},"content":{"rendered":"\n<p><em>Exposici\u00f3n internacional es posible gracias al trabajo coordinado del Instituto Municipal de Cultura y la Secretar\u00eda de Cultura del Estado<\/em><\/p>\n\n\n\n<p>Saltillo, Coahuila de Zaragoza; 07 de marzo de 2026.- El Instituto Municipal de Cultura de Saltillo, en coordinaci\u00f3n con la Secretar\u00eda de Cultura del Estado, inauguraron la exposici\u00f3n internacional \u201cGrandes Maestros de la Acuarela\u201d, que ya se exhibe en el Museo de Palacio de Gobierno.<\/p>\n\n\n\n<p>El Instituto Municipal de Cultura, destac\u00f3 los apoyos que a este rubro le brindan el alcalde Javier D\u00edaz Gonz\u00e1lez y el gobernador Manolo Jim\u00e9nez Salinas, lo que se refleja en este tipo de eventos.<\/p>\n\n\n\n<p>\u201cEs muy importante el impulso que se le da a la cultura en Coahuila y en Saltillo; de manera particular en la ciudad tenemos eventos como este en Palacio de Gobierno, pero tambi\u00e9n los acercamos a todos los rincones del municipio\u00bb.<\/p>\n\n\n\n<p>En esta muestra, que estar\u00e1 en exhibici\u00f3n hasta el pr\u00f3ximo 5 de mayo, est\u00e1n incluidas obras de artistas de Alemania, Espa\u00f1a, Inglaterra, Italia, Estados Unidos y M\u00e9xico.<\/p>\n\n\n\n<p>Se invita a la poblaci\u00f3n para que asista y disfrute la muestra \u201cGrandes Maestros de la Acuarela\u201d, en la sala de exposiciones temporales del Museo de Palacio, en su horario de martes a domingo de 10:00 de la ma\u00f1ana a 6:00 de la tarde, con entrada libre.<\/p>\n\n\n\n<p>El IMC invita a la ciudadan\u00eda a consultar la cartelera mensual publicada en el Facebook oficial del Instituto Municipal de Cultura, para asistir y disfrutar de los eventos programados.<\/p>\n\n\n\n<p><\/p>\n","protected":false},"excerpt":{"rendered":"<p>Exposici\u00f3n internacional es posible gracias al trabajo coordinado del Instituto Municipal de Cultura y la Secretar\u00eda de Cultura del Estado Saltillo, Coahuila de Zaragoza; 07 de marzo de 2026.- El Instituto Municipal de Cultura de Saltillo, en coordinaci\u00f3n con la Secretar\u00eda de Cultura del Estado, inauguraron la exposici\u00f3n internacional \u201cGrandes Maestros de la Acuarela\u201d, que [&hellip;]<\/p>\n","protected":false},"author":4,"featured_media":24119,"comment_status":"open","ping_status":"open","sticky":false,"template":"","format":"standard","meta":[],"categories":[201],"tags":[],"_links":{"self":[{"href":"https:\/\/alertasaltillo.com\/index.php\/wp-json\/wp\/v2\/posts\/24118"}],"collection":[{"href":"https:\/\/alertasaltillo.com\/index.php\/wp-json\/wp\/v2\/posts"}],"about":[{"href":"https:\/\/alertasaltillo.com\/index.php\/wp-json\/wp\/v2\/types\/post"}],"author":[{"embeddable":true,"href":"https:\/\/alertasaltillo.com\/index.php\/wp-json\/wp\/v2\/users\/4"}],"replies":[{"embeddable":true,"href":"https:\/\/alertasaltillo.com\/index.php\/wp-json\/wp\/v2\/comments?post=24118"}],"version-history":[{"count":1,"href":"https:\/\/alertasaltillo.com\/index.php\/wp-json\/wp\/v2\/posts\/24118\/revisions"}],"predecessor-version":[{"id":24120,"href":"https:\/\/alertasaltillo.com\/index.php\/wp-json\/wp\/v2\/posts\/24118\/revisions\/24120"}],"wp:featuredmedia":[{"embeddable":true,"href":"https:\/\/alertasaltillo.com\/index.php\/wp-json\/wp\/v2\/media\/24119"}],"wp:attachment":[{"href":"https:\/\/alertasaltillo.com\/index.php\/wp-json\/wp\/v2\/media?parent=24118"}],"wp:term":[{"taxonomy":"category","embeddable":true,"href":"https:\/\/alertasaltillo.com\/index.php\/wp-json\/wp\/v2\/categories?post=24118"},{"taxonomy":"post_tag","embeddable":true,"href":"https:\/\/alertasaltillo.com\/index.php\/wp-json\/wp\/v2\/tags?post=24118"}],"curies":[{"name":"wp","href":"https:\/\/api.w.org\/{rel}","templated":true}]}}