{"id":24109,"date":"2026-03-08T19:19:41","date_gmt":"2026-03-08T19:19:41","guid":{"rendered":"https:\/\/alertasaltillo.com\/?p=24109"},"modified":"2026-03-08T19:19:44","modified_gmt":"2026-03-08T19:19:44","slug":"provoca-chispazo-conato-de-incendio-en-tupy","status":"publish","type":"post","link":"https:\/\/alertasaltillo.com\/index.php\/2026\/03\/08\/provoca-chispazo-conato-de-incendio-en-tupy\/","title":{"rendered":"PROVOCA &#8216;CHISPAZO&#8217; CONATO DE INCENDIO EN TUPY"},"content":{"rendered":"\n<h2>No se reportan trabajadores lesionados<\/h2>\n\n\n\n<p><\/p>\n\n\n\n<p>La&nbsp;<strong>Subsecretar\u00eda de Protecci\u00f3n Civil del Estado&nbsp;<\/strong>inform\u00f3 que la tarde de este s\u00e1bado&nbsp;<strong>se registr\u00f3 un conato de incendio en el \u00e1rea de corazones de la empresa Tupy,<\/strong>&nbsp;ubicada sobre el bulevar Isidro L\u00f3pez Zertuche, en la zona industrial de Saltillo.<\/p>\n\n\n\n<p>A trav\u00e9s de un comunicado se dio a conocer que seg\u00fan el reporte del \u00e1rea de seguridad patrimonial de la compa\u00f1\u00eda,<strong>&nbsp;el incidente ocurri\u00f3 durante labores de limpieza con aditivos y arena,<\/strong>&nbsp;lo que provoc\u00f3 un chispazo que dio inicio al fuego.<\/p>\n\n\n\n<p>El conato fue controlado de manera inmediata por las brigadas contra incendio y los bomberos internos de la empresa<strong>, sin que se reportaran personas lesionadas.<\/strong><\/p>\n\n\n\n<p>La Subsecretar\u00eda de Protecci\u00f3n Civil del Estado contin\u00faa con el seguimiento del incidente para garantizar la seguridad de las instalaciones y del personal.<\/p>\n\n\n\n<p>Con Informaci\u00f3n Tomada de EL DIARIO DE COAHUILA<\/p>\n","protected":false},"excerpt":{"rendered":"<p>No se reportan trabajadores lesionados La&nbsp;Subsecretar\u00eda de Protecci\u00f3n Civil del Estado&nbsp;inform\u00f3 que la tarde de este s\u00e1bado&nbsp;se registr\u00f3 un conato de incendio en el \u00e1rea de corazones de la empresa Tupy,&nbsp;ubicada sobre el bulevar Isidro L\u00f3pez Zertuche, en la zona industrial de Saltillo. A trav\u00e9s de un comunicado se dio a conocer que seg\u00fan el [&hellip;]<\/p>\n","protected":false},"author":4,"featured_media":24110,"comment_status":"open","ping_status":"open","sticky":false,"template":"","format":"standard","meta":[],"categories":[199],"tags":[],"_links":{"self":[{"href":"https:\/\/alertasaltillo.com\/index.php\/wp-json\/wp\/v2\/posts\/24109"}],"collection":[{"href":"https:\/\/alertasaltillo.com\/index.php\/wp-json\/wp\/v2\/posts"}],"about":[{"href":"https:\/\/alertasaltillo.com\/index.php\/wp-json\/wp\/v2\/types\/post"}],"author":[{"embeddable":true,"href":"https:\/\/alertasaltillo.com\/index.php\/wp-json\/wp\/v2\/users\/4"}],"replies":[{"embeddable":true,"href":"https:\/\/alertasaltillo.com\/index.php\/wp-json\/wp\/v2\/comments?post=24109"}],"version-history":[{"count":1,"href":"https:\/\/alertasaltillo.com\/index.php\/wp-json\/wp\/v2\/posts\/24109\/revisions"}],"predecessor-version":[{"id":24111,"href":"https:\/\/alertasaltillo.com\/index.php\/wp-json\/wp\/v2\/posts\/24109\/revisions\/24111"}],"wp:featuredmedia":[{"embeddable":true,"href":"https:\/\/alertasaltillo.com\/index.php\/wp-json\/wp\/v2\/media\/24110"}],"wp:attachment":[{"href":"https:\/\/alertasaltillo.com\/index.php\/wp-json\/wp\/v2\/media?parent=24109"}],"wp:term":[{"taxonomy":"category","embeddable":true,"href":"https:\/\/alertasaltillo.com\/index.php\/wp-json\/wp\/v2\/categories?post=24109"},{"taxonomy":"post_tag","embeddable":true,"href":"https:\/\/alertasaltillo.com\/index.php\/wp-json\/wp\/v2\/tags?post=24109"}],"curies":[{"name":"wp","href":"https:\/\/api.w.org\/{rel}","templated":true}]}}