{"id":24106,"date":"2026-03-08T19:15:10","date_gmt":"2026-03-08T19:15:10","guid":{"rendered":"https:\/\/alertasaltillo.com\/?p=24106"},"modified":"2026-03-08T19:15:13","modified_gmt":"2026-03-08T19:15:13","slug":"gobierno-de-saltillo-arranca-rehabilitacion-de-plaza-de-san-juan-de-la-vaqueria","status":"publish","type":"post","link":"https:\/\/alertasaltillo.com\/index.php\/2026\/03\/08\/gobierno-de-saltillo-arranca-rehabilitacion-de-plaza-de-san-juan-de-la-vaqueria\/","title":{"rendered":"GOBIERNO DE SALTILLO ARRANCA REHABILITACI\u00d3N DE PLAZA DE SAN JUAN DE LA VAQUER\u00cdA"},"content":{"rendered":"\n<p><em>Proyecto result\u00f3 ganador en la zona rural; se suma a la estrategia de \u201cActiva tu Parque\u201d<\/em><\/p>\n\n\n\n<p>Saltillo, Coahuila de Zaragoza; 07 de marzo de 2026.- El Gobierno Municipal arranc\u00f3 la rehabilitaci\u00f3n de la plaza del ejido San Juan de la Vaquer\u00eda, obra que surgi\u00f3 del programa Participa Saltillo con el presupuesto participativo 2025, que los mismos ciudadanos propusieron y eligieron.<\/p>\n\n\n\n<p>\u201cLos mejores resultados se dan cuando la ciudadan\u00eda decide junto con el gobierno a d\u00f3nde se deben destinar los recursos p\u00fablicos y la voz de la gente fue la que decidi\u00f3. Es un gusto estar aqu\u00ed con nuestra gente del campo cumpliendo el compromiso de rehabilitar esta plaza p\u00fablica del ejido\u201d, afirm\u00f3 el presidente municipal Javier D\u00edaz Gonz\u00e1lez.<\/p>\n\n\n\n<p>Con una inversi\u00f3n de 1.5 millones de pesos, la obra, que se suma a la estrategia \u201cActiva tu Parque\u201d, contempla mejoras generales en la infraestructura, con el prop\u00f3sito de contar con espacios m\u00e1s seguros, accesibles y adecuados para el desarrollo de actividades recreativas, lo que generar\u00e1 cohesi\u00f3n social y familiar y crear\u00e1 comunidad.<\/p>\n\n\n\n<p>El alcalde de Saltillo mencion\u00f3 que, como parte del programa Participa Saltillo, se pusieron en marcha la rehabilitaci\u00f3n de plazas en las colonias Azteca, Lamadrid, Maravillas y Virreyes, as\u00ed como la atenci\u00f3n a callejones en Morelos y la rehabilitaci\u00f3n de vialidades en Lomas del Refugio.<\/p>\n\n\n\n<p>Diego David Fuentes Aguirre, director de Desarrollo Rural, destac\u00f3 que con esta obra se atiende una solicitud que la comunidad hab\u00eda planteado desde hace tiempo.<\/p>\n\n\n\n<p>\u201cHoy cristalizamos un sue\u00f1o que la gente nos hab\u00eda solicitado. Hoy se cumplen compromisos y tenemos la ruta para trabajar cerca de la ciudadan\u00eda. Con esta obra se benefician m\u00e1s de 350 familias y se genera un referente y un atractivo m\u00e1s para el ejido San Juan de la Vaquer\u00eda\u201d, se\u00f1al\u00f3.<\/p>\n\n\n\n<p>Antonio Nerio Maltos, director de Infraestructura y Obra P\u00fablica, se\u00f1al\u00f3 que el programa Participa Saltillo permite que las y los ciudadanos propongan obras y analicen cu\u00e1les son las prioridades en sus comunidades, las cuales posteriormente se someten a votaci\u00f3n.<\/p>\n\n\n\n<p>\u201cEn este caso se contempla la rehabilitaci\u00f3n de cord\u00f3n cuneta, instalaci\u00f3n de bancas, juegos infantiles, pasto sint\u00e9tico, maceteros, luminarias, arbolado, as\u00ed como trabajos de limpieza y deshierbe\u201d, mencion\u00f3.<\/p>\n\n\n\n<p>Gerardo Aguirre Flores, propietario de los Vinos San Juan de la Vaquer\u00eda, destac\u00f3 la coordinaci\u00f3n entre sociedad y gobierno para impulsar el mejoramiento de este espacio p\u00fablico.<\/p>\n\n\n\n<p>\u201cHoy es un d\u00eda muy importante. Agradezco la coordinaci\u00f3n con el municipio, con lo cual impulsamos la rehabilitaci\u00f3n de esta plaza; no solo se mejora un espacio p\u00fablico, tambi\u00e9n se renueva la historia y la belleza de nuestro pueblo\u201d, expres\u00f3.<\/p>\n\n\n\n<p>Felipe Lucio Vald\u00e9s, comisariado ejidal, agradeci\u00f3 al Gobierno de Saltillo el trabajo conjunto con la comunidad.<\/p>\n\n\n\n<p>\u201cAgradecemos su trabajo con la sociedad, con lo cual seguiremos trabajando juntos\u201d, dijo.<\/p>\n\n\n\n<p>Durante el arranque del proyecto estuvieron presentes Blanca Estela Herrera Paisano, regidora presidenta de la Comisi\u00f3n de Desarrollo Rural; Patricia Alejandra Pe\u00f1a Aguirre, contralora municipal; Alberto Salinas, director del Instituto Municipal de Planeaci\u00f3n; titulares de dependencias municipales; integrantes de la Comisi\u00f3n Sectorial Rural de Participa Saltillo y del Comit\u00e9 Pro Obra, as\u00ed como vecinas y vecinos del ejido.<\/p>\n\n\n\n<p><\/p>\n","protected":false},"excerpt":{"rendered":"<p>Proyecto result\u00f3 ganador en la zona rural; se suma a la estrategia de \u201cActiva tu Parque\u201d Saltillo, Coahuila de Zaragoza; 07 de marzo de 2026.- El Gobierno Municipal arranc\u00f3 la rehabilitaci\u00f3n de la plaza del ejido San Juan de la Vaquer\u00eda, obra que surgi\u00f3 del programa Participa Saltillo con el presupuesto participativo 2025, que los [&hellip;]<\/p>\n","protected":false},"author":4,"featured_media":24107,"comment_status":"open","ping_status":"open","sticky":false,"template":"","format":"standard","meta":[],"categories":[217],"tags":[],"_links":{"self":[{"href":"https:\/\/alertasaltillo.com\/index.php\/wp-json\/wp\/v2\/posts\/24106"}],"collection":[{"href":"https:\/\/alertasaltillo.com\/index.php\/wp-json\/wp\/v2\/posts"}],"about":[{"href":"https:\/\/alertasaltillo.com\/index.php\/wp-json\/wp\/v2\/types\/post"}],"author":[{"embeddable":true,"href":"https:\/\/alertasaltillo.com\/index.php\/wp-json\/wp\/v2\/users\/4"}],"replies":[{"embeddable":true,"href":"https:\/\/alertasaltillo.com\/index.php\/wp-json\/wp\/v2\/comments?post=24106"}],"version-history":[{"count":1,"href":"https:\/\/alertasaltillo.com\/index.php\/wp-json\/wp\/v2\/posts\/24106\/revisions"}],"predecessor-version":[{"id":24108,"href":"https:\/\/alertasaltillo.com\/index.php\/wp-json\/wp\/v2\/posts\/24106\/revisions\/24108"}],"wp:featuredmedia":[{"embeddable":true,"href":"https:\/\/alertasaltillo.com\/index.php\/wp-json\/wp\/v2\/media\/24107"}],"wp:attachment":[{"href":"https:\/\/alertasaltillo.com\/index.php\/wp-json\/wp\/v2\/media?parent=24106"}],"wp:term":[{"taxonomy":"category","embeddable":true,"href":"https:\/\/alertasaltillo.com\/index.php\/wp-json\/wp\/v2\/categories?post=24106"},{"taxonomy":"post_tag","embeddable":true,"href":"https:\/\/alertasaltillo.com\/index.php\/wp-json\/wp\/v2\/tags?post=24106"}],"curies":[{"name":"wp","href":"https:\/\/api.w.org\/{rel}","templated":true}]}}