{"id":24100,"date":"2026-03-07T15:25:36","date_gmt":"2026-03-07T15:25:36","guid":{"rendered":"https:\/\/alertasaltillo.com\/?p=24100"},"modified":"2026-03-07T15:25:40","modified_gmt":"2026-03-07T15:25:40","slug":"explota-departamento-en-plaza-comercial-durante-la-madrugada","status":"publish","type":"post","link":"https:\/\/alertasaltillo.com\/index.php\/2026\/03\/07\/explota-departamento-en-plaza-comercial-durante-la-madrugada\/","title":{"rendered":"EXPLOTA DEPARTAMENTO EN PLAZA COMERCIAL DURANTE LA MADRUGADA"},"content":{"rendered":"\n<h2>Hay una persona lesionada de origen coreano, se encuentra grave en un hospital privado<\/h2>\n\n\n\n<p><strong>Una fuerte explosi\u00f3n por acumulaci\u00f3n de gas registrada en una plaza comercial frente al fraccionamiento Villa Bonita, al norte de Saltillo,<\/strong>&nbsp;dej\u00f3 como saldo a<strong>&nbsp;un hombre de origen coreano gravemente lesionado,&nbsp;<\/strong>adem\u00e1s de fuertes da\u00f1os materiales que afectaron varios departamentos y locales comerciales.<\/p>\n\n\n\n<p><strong>El estallido ocurri\u00f3 minutos despu\u00e9s de las 2:00 de la madrugada&nbsp;<\/strong>al interior de un departamento ubicado en la planta alta de la&nbsp;<strong>Plaza Sof\u00eda, ubicada sobre el bulevar Luis Donaldo Colosio.<\/strong><\/p>\n\n\n\n<p>La detonaci\u00f3n afect\u00f3 al menos tres departamentos aleda\u00f1os, cuatro locales y una tienda de conveniencia.<\/p>\n\n\n\n<p>Los servicios de emergencia que llegaron hasta ese lugar, se\u00f1alaron que&nbsp;<strong>result\u00f3 lesionado un hombre de 51 a\u00f1os y de origen coreano,<\/strong>&nbsp;quien<strong>&nbsp;con grandes dificultades dijo llamarse \u201cLeo<\/strong>\u201d, quien present\u00f3 quemaduras de segundo y tercer grado en distintas partes del cuerpo.<\/p>\n\n\n\n<p><strong>El lesionado fue trasladado a un hospital privada<\/strong>&nbsp;donde su estado de salud se reporta delicado, ya que reporta lesiones en espalda, brazos y cabeza.<\/p>\n\n\n\n<p>Los integrantes del cuerpo de bomberos advirtieron que la causa probable del accidente se debi\u00f3 a una acumulaci\u00f3n de gas en el \u00e1rea de lavander\u00eda.<\/p>\n\n\n\n<p>Durante las pr\u00f3ximas horas, la unidad municipal de protecci\u00f3n civil emitir\u00e1 un dictamen sobre el da\u00f1o estructural en la plaza comercial para evaluar si los da\u00f1os causados afectaron la estabilidad de la estructura y si esto derivada en la demolici\u00f3n de alguna parte del inmueble o simplemente se puede proceder a su reparaci\u00f3n.<\/p>\n\n\n\n<p>De acuerdo a las primeras revisiones<strong>, se determin\u00f3 que la acumulaci\u00f3n de gas se gener\u00f3 en la lavander\u00eda del departamento donde habitaba el hombre de origen coreano.<\/strong><\/p>\n\n\n\n<p>Con Informaci\u00f3n Tomada de EL DIARIO DE COAHUILA<\/p>\n","protected":false},"excerpt":{"rendered":"<p>Hay una persona lesionada de origen coreano, se encuentra grave en un hospital privado Una fuerte explosi\u00f3n por acumulaci\u00f3n de gas registrada en una plaza comercial frente al fraccionamiento Villa Bonita, al norte de Saltillo,&nbsp;dej\u00f3 como saldo a&nbsp;un hombre de origen coreano gravemente lesionado,&nbsp;adem\u00e1s de fuertes da\u00f1os materiales que afectaron varios departamentos y locales comerciales. [&hellip;]<\/p>\n","protected":false},"author":4,"featured_media":24101,"comment_status":"open","ping_status":"open","sticky":false,"template":"","format":"standard","meta":[],"categories":[199],"tags":[],"_links":{"self":[{"href":"https:\/\/alertasaltillo.com\/index.php\/wp-json\/wp\/v2\/posts\/24100"}],"collection":[{"href":"https:\/\/alertasaltillo.com\/index.php\/wp-json\/wp\/v2\/posts"}],"about":[{"href":"https:\/\/alertasaltillo.com\/index.php\/wp-json\/wp\/v2\/types\/post"}],"author":[{"embeddable":true,"href":"https:\/\/alertasaltillo.com\/index.php\/wp-json\/wp\/v2\/users\/4"}],"replies":[{"embeddable":true,"href":"https:\/\/alertasaltillo.com\/index.php\/wp-json\/wp\/v2\/comments?post=24100"}],"version-history":[{"count":1,"href":"https:\/\/alertasaltillo.com\/index.php\/wp-json\/wp\/v2\/posts\/24100\/revisions"}],"predecessor-version":[{"id":24102,"href":"https:\/\/alertasaltillo.com\/index.php\/wp-json\/wp\/v2\/posts\/24100\/revisions\/24102"}],"wp:featuredmedia":[{"embeddable":true,"href":"https:\/\/alertasaltillo.com\/index.php\/wp-json\/wp\/v2\/media\/24101"}],"wp:attachment":[{"href":"https:\/\/alertasaltillo.com\/index.php\/wp-json\/wp\/v2\/media?parent=24100"}],"wp:term":[{"taxonomy":"category","embeddable":true,"href":"https:\/\/alertasaltillo.com\/index.php\/wp-json\/wp\/v2\/categories?post=24100"},{"taxonomy":"post_tag","embeddable":true,"href":"https:\/\/alertasaltillo.com\/index.php\/wp-json\/wp\/v2\/tags?post=24100"}],"curies":[{"name":"wp","href":"https:\/\/api.w.org\/{rel}","templated":true}]}}