{"id":24091,"date":"2026-03-07T15:13:17","date_gmt":"2026-03-07T15:13:17","guid":{"rendered":"https:\/\/alertasaltillo.com\/?p=24091"},"modified":"2026-03-07T15:13:19","modified_gmt":"2026-03-07T15:13:19","slug":"fortalece-javier-diaz-relacion-entre-saltillo-y-mcallen-texas","status":"publish","type":"post","link":"https:\/\/alertasaltillo.com\/index.php\/2026\/03\/07\/fortalece-javier-diaz-relacion-entre-saltillo-y-mcallen-texas\/","title":{"rendered":"FORTALECE JAVIER D\u00cdAZ RELACI\u00d3N ENTRE SALTILLO Y McALLEN, TEXAS"},"content":{"rendered":"\n<p><em>Sostiene reuni\u00f3n con el alcalde Javier Villalobos para impulsar alianzas institucionales, y con Alonzo Cant\u00fa, empresario l\u00edder en el sur de Texas<\/em><\/p>\n\n\n\n<p><em>Participa Saltillo en el festival cultural MXLAN<\/em><\/p>\n\n\n\n<p>McAllen, Texas; 06 de marzo de 2026.- El alcalde de Saltillo, Javier D\u00edaz Gonz\u00e1lez, sostuvo una reuni\u00f3n de trabajo con su hom\u00f3logo de McAllen, Texas, Javier Villalobos, con el objetivo de fortalecer la relaci\u00f3n institucional entre ambas ciudades en materia econ\u00f3mica, tur\u00edstica y cultural, as\u00ed como definir una ruta de trabajo conjunta que impulse proyectos binacionales.<\/p>\n\n\n\n<p>\u201cSaltillo y McAllen, adem\u00e1s de una visi\u00f3n com\u00fan de progreso, comparten econom\u00edas din\u00e1micas, ciudades seguras, comunidades trabajadoras y una relaci\u00f3n natural entre nuestras regiones\u201d, dijo Javier D\u00edaz.<\/p>\n\n\n\n<p>Mencion\u00f3 que Saltillo es uno de los principales polos industriales del norte de M\u00e9xico y que, gracias al respaldo del gobernador de Coahuila, Manolo Jim\u00e9nez Salinas, es la capital m\u00e1s segura y competitiva de M\u00e9xico y con mayor formalidad laboral en todo el pa\u00eds.<\/p>\n\n\n\n<p>D\u00edaz Gonz\u00e1lez se\u00f1al\u00f3 que esta visita es una oportunidad para fortalecer las alianzas institucionales y seguir construyendo sobre una relaci\u00f3n de colaboraci\u00f3n que hoy les permite trabajar juntos para generar m\u00e1s oportunidades y bienestar para los municipios en ambos lados de la frontera.<\/p>\n\n\n\n<p>Durante el encuentro, Javier D\u00edaz dio a conocer la oferta tur\u00edstica y cultural consolidada en la capital de Coahuila, la conectividad y movilidad, as\u00ed como la preparaci\u00f3n para la m\u00e1xima fiesta del f\u00fatbol.<\/p>\n\n\n\n<p>Asimismo, se destac\u00f3 que la reciente toma de protesta del alcalde Javier D\u00edaz como presidente de la Asociaci\u00f3n de Ciudades Capitales de M\u00e9xico (ACCM) posiciona a Saltillo como referente nacional de buen gobierno, liderazgo responsable y visi\u00f3n estrat\u00e9gica, consolid\u00e1ndose como una ciudad que marca pauta en innovaci\u00f3n, coordinaci\u00f3n institucional y resultados tangibles para la ciudadan\u00eda.<\/p>\n\n\n\n<p>Se se\u00f1al\u00f3 adem\u00e1s que la colaboraci\u00f3n binacional con ciudades como McAllen, Texas, no solo es importante, sino estrat\u00e9gica y transformadora, ya que permite fortalecer proyectos conjuntos, compartir experiencias exitosas y abrir nuevas oportunidades.<\/p>\n\n\n\n<p>Durante el encuentro estuvieron presentes, Isaac J. Tawil, gerente general de la ciudad de McAllen; Juan Olaguibel, subgerente general de McAllen; y Daniella Plata, directora de Relaciones Internacionales.<\/p>\n\n\n\n<p><strong>Reuni\u00f3n con Alonzo Cant\u00fa<\/strong><\/p>\n\n\n\n<p>En su gira de trabajo en la ciudad de McAllen, Texas, el alcalde Javier D\u00edaz Gonz\u00e1lez sostuvo una reuni\u00f3n con Alonzo Cant\u00fa, empresario l\u00edder en el sur de Texas, con quien abord\u00f3 oportunidades de colaboraci\u00f3n econ\u00f3mica y comunitaria que contribuyan al desarrollo regional y al bienestar social.<\/p>\n\n\n\n<p>En el encuentro se analizaron oportunidades de vinculaci\u00f3n econ\u00f3mica y empresarial entre Saltillo y McAllen; intercambio de experiencias en colaboraci\u00f3n p\u00fablico-privada para el desarrollo urbano y econ\u00f3mico; participaci\u00f3n del sector empresarial en iniciativas binacionales; as\u00ed como el fortalecimiento de proyectos comunitarios y de responsabilidad social, incluyendo equipamiento para el Heroico Cuerpo de Bomberos de Saltillo.<\/p>\n\n\n\n<p><strong>Festival cultural MXLAN 2026<\/strong><\/p>\n\n\n\n<p>La ciudad de Saltillo particip\u00f3 en el festival cultural MXLAN 2026 convocado por la ciudad de McAllen, Texas, donde se proyect\u00f3 la riqueza cultural, art\u00edstica y gastron\u00f3mica de la capital de Coahuila en un entorno binacional.<\/p>\n\n\n\n<p>Se cont\u00f3 con la participaci\u00f3n de nueve ciudades de M\u00e9xico y de la ciudad de McAllen, lo que permiti\u00f3 fortalecer los lazos institucionales, propiciando un espacio de presentaci\u00f3n, di\u00e1logo y networking para favorecer futuras iniciativas de colaboraci\u00f3n cultural, econ\u00f3mica y tur\u00edstica.<\/p>\n\n\n\n<p>A trav\u00e9s de un stand se promovi\u00f3 la agenda cultural y tur\u00edstica din\u00e1mica que se lleva a cabo durante todo el a\u00f1o como el Rodeo Fest, el mejor rodeo mexicano; la ruta Vinos y Dinos que integra patrimonio paleontol\u00f3gico y vitivin\u00edcola; 22 museos y una s\u00f3lida oferta cultural; Noche de Museos, que abre espacios culturales a miles de visitantes; la FINA Saltillo 449, evento internacional que se llevar\u00e1 a cabo del 14 de junio al 25 de julio de 2026, en el marco del aniversario de la ciudad; y Saltillo como ciudad estrat\u00e9gica para recibir visitantes de la m\u00e1xima fiesta del f\u00fatbol.<\/p>\n\n\n\n<p><\/p>\n","protected":false},"excerpt":{"rendered":"<p>Sostiene reuni\u00f3n con el alcalde Javier Villalobos para impulsar alianzas institucionales, y con Alonzo Cant\u00fa, empresario l\u00edder en el sur de Texas Participa Saltillo en el festival cultural MXLAN McAllen, Texas; 06 de marzo de 2026.- El alcalde de Saltillo, Javier D\u00edaz Gonz\u00e1lez, sostuvo una reuni\u00f3n de trabajo con su hom\u00f3logo de McAllen, Texas, Javier [&hellip;]<\/p>\n","protected":false},"author":4,"featured_media":24092,"comment_status":"open","ping_status":"open","sticky":false,"template":"","format":"standard","meta":[],"categories":[5],"tags":[],"_links":{"self":[{"href":"https:\/\/alertasaltillo.com\/index.php\/wp-json\/wp\/v2\/posts\/24091"}],"collection":[{"href":"https:\/\/alertasaltillo.com\/index.php\/wp-json\/wp\/v2\/posts"}],"about":[{"href":"https:\/\/alertasaltillo.com\/index.php\/wp-json\/wp\/v2\/types\/post"}],"author":[{"embeddable":true,"href":"https:\/\/alertasaltillo.com\/index.php\/wp-json\/wp\/v2\/users\/4"}],"replies":[{"embeddable":true,"href":"https:\/\/alertasaltillo.com\/index.php\/wp-json\/wp\/v2\/comments?post=24091"}],"version-history":[{"count":1,"href":"https:\/\/alertasaltillo.com\/index.php\/wp-json\/wp\/v2\/posts\/24091\/revisions"}],"predecessor-version":[{"id":24093,"href":"https:\/\/alertasaltillo.com\/index.php\/wp-json\/wp\/v2\/posts\/24091\/revisions\/24093"}],"wp:featuredmedia":[{"embeddable":true,"href":"https:\/\/alertasaltillo.com\/index.php\/wp-json\/wp\/v2\/media\/24092"}],"wp:attachment":[{"href":"https:\/\/alertasaltillo.com\/index.php\/wp-json\/wp\/v2\/media?parent=24091"}],"wp:term":[{"taxonomy":"category","embeddable":true,"href":"https:\/\/alertasaltillo.com\/index.php\/wp-json\/wp\/v2\/categories?post=24091"},{"taxonomy":"post_tag","embeddable":true,"href":"https:\/\/alertasaltillo.com\/index.php\/wp-json\/wp\/v2\/tags?post=24091"}],"curies":[{"name":"wp","href":"https:\/\/api.w.org\/{rel}","templated":true}]}}