{"id":24082,"date":"2026-03-07T15:04:19","date_gmt":"2026-03-07T15:04:19","guid":{"rendered":"https:\/\/alertasaltillo.com\/?p=24082"},"modified":"2026-03-07T15:04:21","modified_gmt":"2026-03-07T15:04:21","slug":"embisten-a-motociclista-en-valdes-sanchez","status":"publish","type":"post","link":"https:\/\/alertasaltillo.com\/index.php\/2026\/03\/07\/embisten-a-motociclista-en-valdes-sanchez\/","title":{"rendered":"EMBISTEN A MOTOCICLISTA EN VALD\u00c9S S\u00c1NCHEZ"},"content":{"rendered":"\n<h2>La conductora del veh\u00edculo fue puesta a disposici\u00f3n del Ministerio P\u00fablico mientras el joven recib\u00eda atenci\u00f3n m\u00e9dica<\/h2>\n\n\n\n<p>Un joven repartidor de alimentos result\u00f3 lesionado luego de ser embestido por un autom\u00f3vil cuyo conductor presuntamente&nbsp;<strong>no respet\u00f3 una se\u00f1al de alto en calles de la colonia Rep\u00fablica Oriente.<\/strong><\/p>\n\n\n\n<p>El accidente ocurri\u00f3 en el cruce de la calle Colima,<strong>&nbsp;cuando Karla N circulaba a bordo de un Nissan March.&nbsp;<\/strong>De acuerdo con los primeros reportes, la conductora ignor\u00f3 la se\u00f1al de alto y al incorporarse al bulevar Jes\u00fas Vald\u00e9s S\u00e1nchez invadi\u00f3 la trayectoria de una motocicleta.<\/p>\n\n\n\n<p>La unidad de dos ruedas era conducida por Luis N, de 26 a\u00f1os, quien se desplazaba de oriente a poniente realizando labores de reparto. Tras el impacto, el motociclista sali\u00f3 proyectado y qued\u00f3 tendido sobre la carpeta asf\u00e1ltica en medio del bulevar.<\/p>\n\n\n\n<p>Testigos solicitaron el apoyo de los cuerpos de emergencia al observar que el joven se quejaba de un golpe en la parte posterior de la cabeza, adem\u00e1s de presentar una lesi\u00f3n en el brazo izquierdo.<\/p>\n\n\n\n<p>Param\u00e9dicos de la Cruz Roja acudieron al sitio para brindarle los primeros auxilios y posteriormente lo trasladaron al Hospital General, donde ser\u00eda sometido a estudios m\u00e9dicos para descartar fracturas u otras lesiones de gravedad.<\/p>\n\n\n\n<p><strong>Elementos de Tr\u00e1nsito Municipal tomaron conocimiento del percance y aseguraron a la conductora, quien fue puesta a disposici\u00f3n del Ministerio P\u00fablico<\/strong>\u00a0para que se determine su situaci\u00f3n legal y se establezca un acuerdo para la reparaci\u00f3n de los da\u00f1os.<\/p>\n\n\n\n<p>Con Informaci\u00f3n Tomada de EL DIARIO DE COAHUILA<\/p>\n","protected":false},"excerpt":{"rendered":"<p>La conductora del veh\u00edculo fue puesta a disposici\u00f3n del Ministerio P\u00fablico mientras el joven recib\u00eda atenci\u00f3n m\u00e9dica Un joven repartidor de alimentos result\u00f3 lesionado luego de ser embestido por un autom\u00f3vil cuyo conductor presuntamente&nbsp;no respet\u00f3 una se\u00f1al de alto en calles de la colonia Rep\u00fablica Oriente. El accidente ocurri\u00f3 en el cruce de la calle [&hellip;]<\/p>\n","protected":false},"author":4,"featured_media":24083,"comment_status":"open","ping_status":"open","sticky":false,"template":"","format":"standard","meta":[],"categories":[199],"tags":[],"_links":{"self":[{"href":"https:\/\/alertasaltillo.com\/index.php\/wp-json\/wp\/v2\/posts\/24082"}],"collection":[{"href":"https:\/\/alertasaltillo.com\/index.php\/wp-json\/wp\/v2\/posts"}],"about":[{"href":"https:\/\/alertasaltillo.com\/index.php\/wp-json\/wp\/v2\/types\/post"}],"author":[{"embeddable":true,"href":"https:\/\/alertasaltillo.com\/index.php\/wp-json\/wp\/v2\/users\/4"}],"replies":[{"embeddable":true,"href":"https:\/\/alertasaltillo.com\/index.php\/wp-json\/wp\/v2\/comments?post=24082"}],"version-history":[{"count":1,"href":"https:\/\/alertasaltillo.com\/index.php\/wp-json\/wp\/v2\/posts\/24082\/revisions"}],"predecessor-version":[{"id":24084,"href":"https:\/\/alertasaltillo.com\/index.php\/wp-json\/wp\/v2\/posts\/24082\/revisions\/24084"}],"wp:featuredmedia":[{"embeddable":true,"href":"https:\/\/alertasaltillo.com\/index.php\/wp-json\/wp\/v2\/media\/24083"}],"wp:attachment":[{"href":"https:\/\/alertasaltillo.com\/index.php\/wp-json\/wp\/v2\/media?parent=24082"}],"wp:term":[{"taxonomy":"category","embeddable":true,"href":"https:\/\/alertasaltillo.com\/index.php\/wp-json\/wp\/v2\/categories?post=24082"},{"taxonomy":"post_tag","embeddable":true,"href":"https:\/\/alertasaltillo.com\/index.php\/wp-json\/wp\/v2\/tags?post=24082"}],"curies":[{"name":"wp","href":"https:\/\/api.w.org\/{rel}","templated":true}]}}