{"id":24079,"date":"2026-03-07T14:56:11","date_gmt":"2026-03-07T14:56:11","guid":{"rendered":"https:\/\/alertasaltillo.com\/?p=24079"},"modified":"2026-03-07T14:56:14","modified_gmt":"2026-03-07T14:56:14","slug":"inicia-curso-taller-mekanix-en-centro-comunitario-emiliano-zapata","status":"publish","type":"post","link":"https:\/\/alertasaltillo.com\/index.php\/2026\/03\/07\/inicia-curso-taller-mekanix-en-centro-comunitario-emiliano-zapata\/","title":{"rendered":"INICIA CURSO-TALLER MEKANIX EN CENTRO COMUNITARIO EMILIANO ZAPATA"},"content":{"rendered":"\n<p><em>El curso ense\u00f1ar\u00e1 a los ni\u00f1os a crear figuras con movimiento a base de cart\u00f3n<\/em><\/p>\n\n\n\n<p>Saltillo, Coahuila de Zaragoza; 06 de marzo de 2026.- Como parte de las actividades que se realizan en la red de Centros Comunitarios de Saltillo, en el ubicado en la colonia Emiliano Zapata comenz\u00f3 el curso-taller de cartoner\u00eda con mecanismos de movimiento \u201cMekanix\u201d, el cual tuvo una buena asistencia de ni\u00f1as y ni\u00f1os.<\/p>\n\n\n\n<p>La actividad es impartida por el ingeniero en mecatr\u00f3nica Francisco Leza Garc\u00eda y cont\u00f3 con la presencia de ni\u00f1as y ni\u00f1os de colonias como Emiliano Zapata, El Toreo y San \u00c1ngel.<\/p>\n\n\n\n<p>A elecci\u00f3n de quienes participan en el curso-taller, se decidi\u00f3 crear una figura de jaguar, al ser una de las mascotas de la m\u00e1xima fiesta del f\u00fatbol que se desarrollar\u00e1 en M\u00e9xico, Estados Unidos y Canad\u00e1 a mediados de este a\u00f1o.<\/p>\n\n\n\n<p>Leza Garc\u00eda coment\u00f3 que el objetivo del taller es ense\u00f1ar a la ni\u00f1ez los principios b\u00e1sicos del dibujo, uso del papel y el cart\u00f3n, as\u00ed como la aplicaci\u00f3n de pintura y pegamentos, con la intenci\u00f3n de armar la figura en menci\u00f3n.<\/p>\n\n\n\n<p>Se dio a conocer que el curso-taller Mekanix se desarrollar\u00e1 en diferentes sesiones que se llevar\u00e1n a cabo los mi\u00e9rcoles y jueves de marzo en un horario de 4:00 a 5:00 de la tarde en el Centro Comunitario Emiliano Zapata.<\/p>\n\n\n\n<p>Finalmente, se inform\u00f3 que es un taller creativo y divertido en el espacio conocido como Zona de Paz, bajo la coordinaci\u00f3n de Erika Romero, y que habr\u00e1 de sumar a m\u00e1s ni\u00f1as y ni\u00f1os en un programa de conocimientos que busca despertar nuevas habilidades.<\/p>\n\n\n\n<p><\/p>\n","protected":false},"excerpt":{"rendered":"<p>El curso ense\u00f1ar\u00e1 a los ni\u00f1os a crear figuras con movimiento a base de cart\u00f3n Saltillo, Coahuila de Zaragoza; 06 de marzo de 2026.- Como parte de las actividades que se realizan en la red de Centros Comunitarios de Saltillo, en el ubicado en la colonia Emiliano Zapata comenz\u00f3 el curso-taller de cartoner\u00eda con mecanismos [&hellip;]<\/p>\n","protected":false},"author":4,"featured_media":24080,"comment_status":"open","ping_status":"open","sticky":false,"template":"","format":"standard","meta":[],"categories":[201],"tags":[],"_links":{"self":[{"href":"https:\/\/alertasaltillo.com\/index.php\/wp-json\/wp\/v2\/posts\/24079"}],"collection":[{"href":"https:\/\/alertasaltillo.com\/index.php\/wp-json\/wp\/v2\/posts"}],"about":[{"href":"https:\/\/alertasaltillo.com\/index.php\/wp-json\/wp\/v2\/types\/post"}],"author":[{"embeddable":true,"href":"https:\/\/alertasaltillo.com\/index.php\/wp-json\/wp\/v2\/users\/4"}],"replies":[{"embeddable":true,"href":"https:\/\/alertasaltillo.com\/index.php\/wp-json\/wp\/v2\/comments?post=24079"}],"version-history":[{"count":1,"href":"https:\/\/alertasaltillo.com\/index.php\/wp-json\/wp\/v2\/posts\/24079\/revisions"}],"predecessor-version":[{"id":24081,"href":"https:\/\/alertasaltillo.com\/index.php\/wp-json\/wp\/v2\/posts\/24079\/revisions\/24081"}],"wp:featuredmedia":[{"embeddable":true,"href":"https:\/\/alertasaltillo.com\/index.php\/wp-json\/wp\/v2\/media\/24080"}],"wp:attachment":[{"href":"https:\/\/alertasaltillo.com\/index.php\/wp-json\/wp\/v2\/media?parent=24079"}],"wp:term":[{"taxonomy":"category","embeddable":true,"href":"https:\/\/alertasaltillo.com\/index.php\/wp-json\/wp\/v2\/categories?post=24079"},{"taxonomy":"post_tag","embeddable":true,"href":"https:\/\/alertasaltillo.com\/index.php\/wp-json\/wp\/v2\/tags?post=24079"}],"curies":[{"name":"wp","href":"https:\/\/api.w.org\/{rel}","templated":true}]}}