{"id":24064,"date":"2026-03-07T14:29:58","date_gmt":"2026-03-07T14:29:58","guid":{"rendered":"https:\/\/alertasaltillo.com\/?p=24064"},"modified":"2026-03-07T14:30:00","modified_gmt":"2026-03-07T14:30:00","slug":"chofer-de-transporte-de-personal-muere-al-volante","status":"publish","type":"post","link":"https:\/\/alertasaltillo.com\/index.php\/2026\/03\/07\/chofer-de-transporte-de-personal-muere-al-volante\/","title":{"rendered":"CHOFER DE TRANSPORTE DE PERSONAL MUERE AL VOLANTE"},"content":{"rendered":"\n<h2>Logra el operador detener su unidad antes del fatal desenlace en la colonia Urdi\u00f1ola<\/h2>\n\n\n\n<p>Un<strong>&nbsp;conductor de transporte de personal perdi\u00f3 la vida presuntamente a causa de un infarto<\/strong>&nbsp;mientras manejaba el cami\u00f3n que ten\u00eda asignado por calles de la colonia Urdi\u00f1ola, lo que moviliz\u00f3 a cuerpos de emergencia y autoridades municipales, la madrugada de este jueves.<\/p>\n\n\n\n<p>De acuerdo con los primeros reportes, el hombre, de alrededor de 60 a\u00f1os de edad, circulaba con direcci\u00f3n al poniente sobre la calle Manuel P\u00e9rez Trevi\u00f1o.<\/p>\n\n\n\n<p>Fue entre las calles Pedro de Aguirre y Francisco de Elizondo donde comenz\u00f3 a sentirse mal.<\/p>\n\n\n\n<p>A pesar del malestar,<strong>&nbsp;el chofer logr\u00f3 detener la unidad antes de que la situaci\u00f3n se saliera de control.<\/strong><\/p>\n\n\n\n<p>Un compa\u00f1ero que lo acompa\u00f1aba en el trayecto intent\u00f3 brindarle ayuda al percatarse de que se encontraba inconsciente, por lo que de inmediato solicit\u00f3 una ambulancia de la misma empresa.<\/p>\n\n\n\n<p>Param\u00e9dicos acudieron al lugar minutos despu\u00e9s; sin embargo, tras revisarlo confirmaron que el conductor<strong>\u00a0ya no presentaba signos vitales.<\/strong><\/p>\n\n\n\n<p>Elementos de la Polic\u00eda Municipal Preventiva acudieron para resguardar la zona y cerrar la circulaci\u00f3n, mientras se daba aviso a la Fiscal\u00eda General del Estado para que su personal realizara las diligencias correspondientes y ordenara el levantamiento del cuerpo.<\/p>\n\n\n\n<p>El cami\u00f3n permaneci\u00f3 detenido en el sitio, acordonado por las autoridades, en espera de que concluyan las investigaciones.<\/p>\n\n\n\n<p>Con Informaci\u00f3n Tomada de EL DIARIO DE COAHUILA<\/p>\n","protected":false},"excerpt":{"rendered":"<p>Logra el operador detener su unidad antes del fatal desenlace en la colonia Urdi\u00f1ola Un&nbsp;conductor de transporte de personal perdi\u00f3 la vida presuntamente a causa de un infarto&nbsp;mientras manejaba el cami\u00f3n que ten\u00eda asignado por calles de la colonia Urdi\u00f1ola, lo que moviliz\u00f3 a cuerpos de emergencia y autoridades municipales, la madrugada de este jueves. [&hellip;]<\/p>\n","protected":false},"author":4,"featured_media":24065,"comment_status":"open","ping_status":"open","sticky":false,"template":"","format":"standard","meta":[],"categories":[199],"tags":[],"_links":{"self":[{"href":"https:\/\/alertasaltillo.com\/index.php\/wp-json\/wp\/v2\/posts\/24064"}],"collection":[{"href":"https:\/\/alertasaltillo.com\/index.php\/wp-json\/wp\/v2\/posts"}],"about":[{"href":"https:\/\/alertasaltillo.com\/index.php\/wp-json\/wp\/v2\/types\/post"}],"author":[{"embeddable":true,"href":"https:\/\/alertasaltillo.com\/index.php\/wp-json\/wp\/v2\/users\/4"}],"replies":[{"embeddable":true,"href":"https:\/\/alertasaltillo.com\/index.php\/wp-json\/wp\/v2\/comments?post=24064"}],"version-history":[{"count":1,"href":"https:\/\/alertasaltillo.com\/index.php\/wp-json\/wp\/v2\/posts\/24064\/revisions"}],"predecessor-version":[{"id":24066,"href":"https:\/\/alertasaltillo.com\/index.php\/wp-json\/wp\/v2\/posts\/24064\/revisions\/24066"}],"wp:featuredmedia":[{"embeddable":true,"href":"https:\/\/alertasaltillo.com\/index.php\/wp-json\/wp\/v2\/media\/24065"}],"wp:attachment":[{"href":"https:\/\/alertasaltillo.com\/index.php\/wp-json\/wp\/v2\/media?parent=24064"}],"wp:term":[{"taxonomy":"category","embeddable":true,"href":"https:\/\/alertasaltillo.com\/index.php\/wp-json\/wp\/v2\/categories?post=24064"},{"taxonomy":"post_tag","embeddable":true,"href":"https:\/\/alertasaltillo.com\/index.php\/wp-json\/wp\/v2\/tags?post=24064"}],"curies":[{"name":"wp","href":"https:\/\/api.w.org\/{rel}","templated":true}]}}