{"id":24061,"date":"2026-03-07T14:26:06","date_gmt":"2026-03-07T14:26:06","guid":{"rendered":"https:\/\/alertasaltillo.com\/?p=24061"},"modified":"2026-03-07T14:26:09","modified_gmt":"2026-03-07T14:26:09","slug":"intensifica-javier-diaz-jornada-de-embellecimiento-de-fachadas","status":"publish","type":"post","link":"https:\/\/alertasaltillo.com\/index.php\/2026\/03\/07\/intensifica-javier-diaz-jornada-de-embellecimiento-de-fachadas\/","title":{"rendered":"INTENSIFICA JAVIER D\u00cdAZ JORNADA DE EMBELLECIMIENTO DE FACHADAS"},"content":{"rendered":"\n<p><em>Cuadrillas de \u201cAqu\u00ed Andamos\u201d refuerzan labores en el Centro Hist\u00f3rico<\/em><\/p>\n\n\n\n<p><em>Gobierno de Saltillo fortalece la identidad hist\u00f3rica e impulsa la actividad econ\u00f3mica en el coraz\u00f3n de la ciudad<\/em><\/p>\n\n\n\n<p>Saltillo, Coahuila de Zaragoza; 05 de marzo de 2026.- El Gobierno Municipal, encabezado por el alcalde Javier D\u00edaz Gonz\u00e1lez, refuerza el programa de Embellecimiento de Fachadas en la Zona Centro de Saltillo, a fin de preservar la imagen urbana, fortalecer la identidad hist\u00f3rica e impulsar la actividad econ\u00f3mica en el coraz\u00f3n de la ciudad.<\/p>\n\n\n\n<p>Como parte de esta estrategia integral de mejoramiento urbano y con el apoyo del gobernador Manolo Jim\u00e9nez Salinas, cuadrillas de \u201cAqu\u00ed Andamos\u201d realizan trabajos sobre la calle Miguel Hidalgo, entre las calles F\u00e9lix U. G\u00f3mez y Ramos Arizpe, de limpieza profunda, resane de muros y aplicaci\u00f3n de pintura en fachadas de viviendas y comercios, as\u00ed como en diversos elementos arquitect\u00f3nicos tradicionales que forman parte del patrimonio cultural del primer cuadro.<\/p>\n\n\n\n<p>Este programa contempla adem\u00e1s la armonizaci\u00f3n de colores de los inmuebles, con lo que se respeta la paleta de colores para la Zona Centro, a fin de conservar la est\u00e9tica hist\u00f3rica que distingue a este emblem\u00e1tico sector.<\/p>\n\n\n\n<p>El alcalde Javier D\u00edaz destac\u00f3 que estas acciones no solo contribuyen a proyectar una mejor imagen urbana para visitantes y turistas, sino que tambi\u00e9n fortalecen el sentido de pertenencia de las y los saltillenses, al dignificar este sector que forma parte de la vida diaria de la comunidad.<\/p>\n\n\n\n<p>\u201cTrabajamos para que nuestro Centro Hist\u00f3rico luzca ordenado, limpio y atractivo, adem\u00e1s de ayudar a impulsar el comercio local y consolidar a Saltillo como una ciudad competitiva y con identidad\u201d, se\u00f1al\u00f3 D\u00edaz Gonz\u00e1lez.<\/p>\n\n\n\n<p>Sumado a estas acciones, brigadas municipales refuerzan las labores en las diferentes \u00e1reas verdes de la Plaza de Armas de Saltillo, en donde se sembrar\u00e1n plantas de ornato y se embellecer\u00e1 este espacio emblem\u00e1tico para la capital de Coahuila.<\/p>\n\n\n\n<p>Asimismo, personal de Medio Ambiente y Desarrollo Sustentable intensific\u00f3 su jornada de reforestaci\u00f3n del bulevar Luis Donaldo Colosio, en la que, a trav\u00e9s del programa \u201cBosques Urbanos Lineales\u201d, el Ayuntamiento sembrar\u00e1 m\u00e1s de mil 500 \u00e1rboles y palmas en favor del entorno natural de la comunidad.<\/p>\n\n\n\n<p>De manera simult\u00e1nea y para incrementar la seguridad vial para peatones y automovilistas, cuadrillas de la Direcci\u00f3n de Servicios P\u00fablicos trabajan en la delimitaci\u00f3n y aplicaci\u00f3n de pintura amarilla en el cord\u00f3n cuneta del camell\u00f3n central a lo largo del bulevar Luis Donaldo Colosio.<\/p>\n\n\n\n<p>El alcalde Javier D\u00edaz Gonz\u00e1lez record\u00f3 a la poblaci\u00f3n el n\u00famero del chatbot \u201cSaltillo F\u00e1cil\u201d, al 844-160-08-08, con el que se puede reportar cualquier servicio p\u00fablico municipal.<\/p>\n\n\n\n<p><\/p>\n","protected":false},"excerpt":{"rendered":"<p>Cuadrillas de \u201cAqu\u00ed Andamos\u201d refuerzan labores en el Centro Hist\u00f3rico Gobierno de Saltillo fortalece la identidad hist\u00f3rica e impulsa la actividad econ\u00f3mica en el coraz\u00f3n de la ciudad Saltillo, Coahuila de Zaragoza; 05 de marzo de 2026.- El Gobierno Municipal, encabezado por el alcalde Javier D\u00edaz Gonz\u00e1lez, refuerza el programa de Embellecimiento de Fachadas en [&hellip;]<\/p>\n","protected":false},"author":4,"featured_media":24062,"comment_status":"open","ping_status":"open","sticky":false,"template":"","format":"standard","meta":[],"categories":[5],"tags":[],"_links":{"self":[{"href":"https:\/\/alertasaltillo.com\/index.php\/wp-json\/wp\/v2\/posts\/24061"}],"collection":[{"href":"https:\/\/alertasaltillo.com\/index.php\/wp-json\/wp\/v2\/posts"}],"about":[{"href":"https:\/\/alertasaltillo.com\/index.php\/wp-json\/wp\/v2\/types\/post"}],"author":[{"embeddable":true,"href":"https:\/\/alertasaltillo.com\/index.php\/wp-json\/wp\/v2\/users\/4"}],"replies":[{"embeddable":true,"href":"https:\/\/alertasaltillo.com\/index.php\/wp-json\/wp\/v2\/comments?post=24061"}],"version-history":[{"count":1,"href":"https:\/\/alertasaltillo.com\/index.php\/wp-json\/wp\/v2\/posts\/24061\/revisions"}],"predecessor-version":[{"id":24063,"href":"https:\/\/alertasaltillo.com\/index.php\/wp-json\/wp\/v2\/posts\/24061\/revisions\/24063"}],"wp:featuredmedia":[{"embeddable":true,"href":"https:\/\/alertasaltillo.com\/index.php\/wp-json\/wp\/v2\/media\/24062"}],"wp:attachment":[{"href":"https:\/\/alertasaltillo.com\/index.php\/wp-json\/wp\/v2\/media?parent=24061"}],"wp:term":[{"taxonomy":"category","embeddable":true,"href":"https:\/\/alertasaltillo.com\/index.php\/wp-json\/wp\/v2\/categories?post=24061"},{"taxonomy":"post_tag","embeddable":true,"href":"https:\/\/alertasaltillo.com\/index.php\/wp-json\/wp\/v2\/tags?post=24061"}],"curies":[{"name":"wp","href":"https:\/\/api.w.org\/{rel}","templated":true}]}}