{"id":24039,"date":"2026-03-05T15:44:19","date_gmt":"2026-03-05T15:44:19","guid":{"rendered":"https:\/\/alertasaltillo.com\/?p=24039"},"modified":"2026-03-05T15:44:22","modified_gmt":"2026-03-05T15:44:22","slug":"el-pequeno-ian-cumple-su-sueno-de-ser-elemento-de-la-guardia-nacional-honorario-en-piedras-negras","status":"publish","type":"post","link":"https:\/\/alertasaltillo.com\/index.php\/2026\/03\/05\/el-pequeno-ian-cumple-su-sueno-de-ser-elemento-de-la-guardia-nacional-honorario-en-piedras-negras\/","title":{"rendered":"EL PEQUE\u00d1O IAN CUMPLE SU SUE\u00d1O DE SER ELEMENTO DE LA GUARDIA NACIONAL HONORARIO EN PIEDRAS NEGRAS"},"content":{"rendered":"\n<h2>Autoridades de la Guardia Nacional en Piedras Negras destacaron que esta iniciativa fortalece la cercan\u00eda con la comunidad y promueve valores como el respeto y la disciplina<\/h2>\n\n\n\n<p>PIEDRAS NEGRAS, COAH.- La\u00a0<strong><a href=\"https:\/\/www.gob.mx\/guardianacional\" target=\"_blank\" rel=\"noreferrer noopener\">Guardia Nacional<\/a><\/strong>\u00a0reafirm\u00f3 su compromiso de cercan\u00eda con la comunidad al realizar una nueva edici\u00f3n del programa \u201cGuardia Nacional Honorario por un D\u00eda\u201d, iniciativa que busca brindar experiencias significativas a ni\u00f1os con capacidades diferentes. En esta ocasi\u00f3n, el protagonista fue Ian Cort\u00e9s Reyes, de cinco a\u00f1os, estudiante del preescolar Instituto Freinet, quien vivi\u00f3 la emoci\u00f3n de portar el uniforme y desempe\u00f1arse simb\u00f3licamente como integrante de la corporaci\u00f3n.<\/p>\n\n\n\n<p>El coronel Arturo Hern\u00e1ndez Cede\u00f1o, coordinador de la 22\/a Coordinaci\u00f3n de Unidad, explic\u00f3 que el proceso de selecci\u00f3n se lleva a cabo en instituciones educativas, identificando casos en los que la actividad pueda representar un momento inolvidable para el menor y su familia. Todo ello se realiza con entrevistas previas y la autorizaci\u00f3n de los padres.<\/p>\n\n\n\n<p>Como parte de la jornada, Ian recibi\u00f3 un uniforme confeccionado especialmente para \u00e9l, con todos los detalles, incluidas botas, lo que le permiti\u00f3 sentirse plenamente integrado a la instituci\u00f3n. Durante el d\u00eda particip\u00f3 en actividades representativas de la corporaci\u00f3n, en un ambiente dise\u00f1ado para hacerlo sentir c\u00f3modo, acompa\u00f1ado y valorado.<\/p>\n\n\n\n<p>Con Informaci\u00f3n Tomada de VANGUARDIA<\/p>\n","protected":false},"excerpt":{"rendered":"<p>Autoridades de la Guardia Nacional en Piedras Negras destacaron que esta iniciativa fortalece la cercan\u00eda con la comunidad y promueve valores como el respeto y la disciplina PIEDRAS NEGRAS, COAH.- La\u00a0Guardia Nacional\u00a0reafirm\u00f3 su compromiso de cercan\u00eda con la comunidad al realizar una nueva edici\u00f3n del programa \u201cGuardia Nacional Honorario por un D\u00eda\u201d, iniciativa que busca [&hellip;]<\/p>\n","protected":false},"author":4,"featured_media":24040,"comment_status":"open","ping_status":"open","sticky":false,"template":"","format":"standard","meta":[],"categories":[200],"tags":[],"_links":{"self":[{"href":"https:\/\/alertasaltillo.com\/index.php\/wp-json\/wp\/v2\/posts\/24039"}],"collection":[{"href":"https:\/\/alertasaltillo.com\/index.php\/wp-json\/wp\/v2\/posts"}],"about":[{"href":"https:\/\/alertasaltillo.com\/index.php\/wp-json\/wp\/v2\/types\/post"}],"author":[{"embeddable":true,"href":"https:\/\/alertasaltillo.com\/index.php\/wp-json\/wp\/v2\/users\/4"}],"replies":[{"embeddable":true,"href":"https:\/\/alertasaltillo.com\/index.php\/wp-json\/wp\/v2\/comments?post=24039"}],"version-history":[{"count":1,"href":"https:\/\/alertasaltillo.com\/index.php\/wp-json\/wp\/v2\/posts\/24039\/revisions"}],"predecessor-version":[{"id":24041,"href":"https:\/\/alertasaltillo.com\/index.php\/wp-json\/wp\/v2\/posts\/24039\/revisions\/24041"}],"wp:featuredmedia":[{"embeddable":true,"href":"https:\/\/alertasaltillo.com\/index.php\/wp-json\/wp\/v2\/media\/24040"}],"wp:attachment":[{"href":"https:\/\/alertasaltillo.com\/index.php\/wp-json\/wp\/v2\/media?parent=24039"}],"wp:term":[{"taxonomy":"category","embeddable":true,"href":"https:\/\/alertasaltillo.com\/index.php\/wp-json\/wp\/v2\/categories?post=24039"},{"taxonomy":"post_tag","embeddable":true,"href":"https:\/\/alertasaltillo.com\/index.php\/wp-json\/wp\/v2\/tags?post=24039"}],"curies":[{"name":"wp","href":"https:\/\/api.w.org\/{rel}","templated":true}]}}