{"id":24033,"date":"2026-03-05T15:35:34","date_gmt":"2026-03-05T15:35:34","guid":{"rendered":"https:\/\/alertasaltillo.com\/?p=24033"},"modified":"2026-03-05T15:35:36","modified_gmt":"2026-03-05T15:35:36","slug":"fortalecen-rescate-del-oso-mexicano-en-coahuila-y-nuevo-leon","status":"publish","type":"post","link":"https:\/\/alertasaltillo.com\/index.php\/2026\/03\/05\/fortalecen-rescate-del-oso-mexicano-en-coahuila-y-nuevo-leon\/","title":{"rendered":"FORTALECEN RESCATE DEL OSO MEXICANO EN COAHUILA Y NUEVO LE\u00d3N"},"content":{"rendered":"\n<p><\/p>\n\n\n\n<p>En el marco de la conmemoraci\u00f3n del D\u00eda Mundial de la Vida Silvestre, Grupo Bimbo formaliz\u00f3 su incursi\u00f3n en la conservaci\u00f3n del oso negro mexicano mediante un convenio con la Secretar\u00eda de Medio Ambiente y Recursos Naturales (Semarnat).<\/p>\n\n\n\n<p>El acuerdo compromete a ambas partes a implementar acciones de conservaci\u00f3n, monitoreo e intervenci\u00f3n educativa sobre el Ursus americanus eremicus, especie emblem\u00e1tica y en peligro de extinci\u00f3n que enfrenta crecientes conflictos por la expansi\u00f3n humana y los efectos del cambio clim\u00e1tico.<\/p>\n\n\n\n<p>La alianza se inserta en el proyecto \u00abDel conflicto a la coexistencia: salvaguardando corredores de vida silvestre en M\u00e9xico para el desarrollo sustentable\u00bb, con el que se busca reforzar la protecci\u00f3n del oso en su h\u00e1bitat natural, particularmente en Nuevo Le\u00f3n, Coahuila y Sonora, donde las poblaciones presentan mayores retos.<\/p>\n\n\n\n<p>El plan contempla rescate, recuperaci\u00f3n y translocaci\u00f3n de ejemplares en riesgo; restauraci\u00f3n de ecosistemas completos para reequilibrar la biodiversidad; conservaci\u00f3n y ampliaci\u00f3n de h\u00e1bitats; programas de educaci\u00f3n y concientizaci\u00f3n en comunidades donde la presencia humana se cruza con la del oso; adem\u00e1s de apoyo a la investigaci\u00f3n, divulgaci\u00f3n y monitoreo cient\u00edfico, incluido el estudio de su comportamiento.<\/p>\n\n\n\n<p>Con Informaci\u00f3n Tomada de EL HERALDO DE SALTILLO<\/p>\n","protected":false},"excerpt":{"rendered":"<p>En el marco de la conmemoraci\u00f3n del D\u00eda Mundial de la Vida Silvestre, Grupo Bimbo formaliz\u00f3 su incursi\u00f3n en la conservaci\u00f3n del oso negro mexicano mediante un convenio con la Secretar\u00eda de Medio Ambiente y Recursos Naturales (Semarnat). El acuerdo compromete a ambas partes a implementar acciones de conservaci\u00f3n, monitoreo e intervenci\u00f3n educativa sobre el [&hellip;]<\/p>\n","protected":false},"author":4,"featured_media":24034,"comment_status":"open","ping_status":"open","sticky":false,"template":"","format":"standard","meta":[],"categories":[5],"tags":[],"_links":{"self":[{"href":"https:\/\/alertasaltillo.com\/index.php\/wp-json\/wp\/v2\/posts\/24033"}],"collection":[{"href":"https:\/\/alertasaltillo.com\/index.php\/wp-json\/wp\/v2\/posts"}],"about":[{"href":"https:\/\/alertasaltillo.com\/index.php\/wp-json\/wp\/v2\/types\/post"}],"author":[{"embeddable":true,"href":"https:\/\/alertasaltillo.com\/index.php\/wp-json\/wp\/v2\/users\/4"}],"replies":[{"embeddable":true,"href":"https:\/\/alertasaltillo.com\/index.php\/wp-json\/wp\/v2\/comments?post=24033"}],"version-history":[{"count":1,"href":"https:\/\/alertasaltillo.com\/index.php\/wp-json\/wp\/v2\/posts\/24033\/revisions"}],"predecessor-version":[{"id":24035,"href":"https:\/\/alertasaltillo.com\/index.php\/wp-json\/wp\/v2\/posts\/24033\/revisions\/24035"}],"wp:featuredmedia":[{"embeddable":true,"href":"https:\/\/alertasaltillo.com\/index.php\/wp-json\/wp\/v2\/media\/24034"}],"wp:attachment":[{"href":"https:\/\/alertasaltillo.com\/index.php\/wp-json\/wp\/v2\/media?parent=24033"}],"wp:term":[{"taxonomy":"category","embeddable":true,"href":"https:\/\/alertasaltillo.com\/index.php\/wp-json\/wp\/v2\/categories?post=24033"},{"taxonomy":"post_tag","embeddable":true,"href":"https:\/\/alertasaltillo.com\/index.php\/wp-json\/wp\/v2\/tags?post=24033"}],"curies":[{"name":"wp","href":"https:\/\/api.w.org\/{rel}","templated":true}]}}